{"id":65918,"date":"2021-05-15T11:32:33","date_gmt":"2021-05-15T11:32:33","guid":{"rendered":"https:\/\/www.hospitalarias.org\/en\/?p=52035"},"modified":"2021-05-15T11:32:33","modified_gmt":"2021-05-15T11:32:33","slug":"sr-anabela-carneiro-superior-general-inaugurates-the-remodeling-of-the-ciempozuelos-museum","status":"publish","type":"post","link":"https:\/\/hospitalarias.org\/en\/sr-anabela-carneiro-superior-general-inaugurates-the-remodeling-of-the-ciempozuelos-museum\/","title":{"rendered":"Sr. Anabela Carneiro, Superior General, inaugurates the remodeling of the Ciempozuelos Museum"},"content":{"rendered":"\n<h4 class=\"wp-block-heading\">Today Saturday, May 15, the Superior General of <a href=\"https:\/\/www.hospitalarias.org\/\" target=\"_blank\" rel=\"noreferrer noopener\" aria-label=\"Hermanas Hospitalarias (se abre en una nueva pesta\u00f1a)\">Hermanas Hospitalarias<\/a>, Sr. ANABELA MOREIRA G. CARNEIRO, presided over the inauguration ceremony of the remodeling of the Museum of Ciempozuelos.<\/h4>\n\n\n\n<p>Sister Anabela Carneiro has been accompanied by the Bishop of Getafe, Monsignor Gin\u00e9s Garc\u00eda Beltr\u00e1n, the Mayor of Ciempozuelos, Mrs. Raquel Jimeno, the General secretary of the Edades del Hombre Foundation, Gonzalo Jim\u00e9nez, and the Provincial Superior of the Province of Spain, Sister Matilde Porras, among other guests.<\/p>\n\n\n\n<h3 class=\"wp-block-heading\">Vocation and Service<\/h3>\n\n\n\n<p>Under the title <strong>&#8220;Vocation and Service&#8221; this exhibition, conducted in a didactic and narrative way, is made up of five thematic blocks that bring together original pieces related to the founders of the Congregation<\/strong>: San Benito Menni, Mar\u00eda Josefa Recio and Mar\u00eda Angustias Gim\u00e9nez, as well as of its hospitable mission, bringing us closer to the origin and meaning of the Institution. The thematic blocks are:<\/p>\n\n\n\n<ul class=\"wp-block-list\"><li>Benito Menni, reformer and founder.<\/li><li> Mar\u00eda Josefa Recio and Mar\u00eda Angustias Gim\u00e9nez, co-founders.<\/li><li> Encounter with a full life: pray, work, suffer, suffer, love God and be silent.<\/li><li> Encounter with people with mental illness: women in the 19th century.<\/li><li> Daily encounter with Christ through prayer: celebration.<\/li><\/ul>\n\n\n\n<p>Among the objects that make up this collection, manuscripts of the  founders and some of their personal objects and liturgical ornaments of  the time stand out, which gives the attendees a sensory and spiritual  experience that transports them to the first years of the Foundation,  urged by the spirit of Hospitality that springs from the Gospel, from  the hand of the Good Samaritan. In this way, the complex offers a  charismatic journey of vocation and service, for the reason that it is  IN and FOR the Church. <\/p>\n\n\n\n<p><strong>The musealization of the spaces located in the Mother House of the Congregation, aims to bring those who visit it closer to the history and charism of the Institution, as well as the care and pastoral work it carries out in the world.<\/strong><\/p>\n\n\n\n<p>The remodeling of the museum has been possible thanks to the collaboration of the<strong> Edades del Hombre Foundation<\/strong> (<a rel=\"noreferrer noopener\" aria-label=\"www.lasedades.es (se abre en una nueva pesta\u00f1a)\" href=\"http:\/\/www.lasedades.es\" target=\"_blank\">www.lasedades.es<\/a>), an entity of recognized prestige for its careful exhibitions and its commitment to bring religious art closer to today&#8217;s society.<\/p>\n\n\n\n<figure class=\"wp-block-gallery columns-3 is-cropped wp-block-gallery-1 is-layout-flex wp-block-gallery-is-layout-flex\"><ul class=\"blocks-gallery-grid\"><li class=\"blocks-gallery-item\"><figure><a href=\"https:\/\/www.hospitalarias.org\/en\/wp-content\/uploads\/sites\/2\/2021\/05\/IMG_4135-scaled.jpg\"><img decoding=\"async\" src=\"https:\/\/www.hospitalarias.org\/en\/wp-content\/uploads\/sites\/2\/2021\/05\/IMG_4135-1024x768.jpg\" alt=\"\" data-id=\"52060\" data-full-url=\"https:\/\/www.hospitalarias.org\/en\/wp-content\/uploads\/sites\/2\/2021\/05\/IMG_4135-scaled.jpg\" data-link=\"https:\/\/www.hospitalarias.org\/en\/sr-anabela-carneiro-superior-general-inaugurates-the-remodeling-of-the-ciempozuelos-museum\/img_4135\/\" class=\"wp-image-52060\" \/><\/a><\/figure><\/li><li class=\"blocks-gallery-item\"><figure><a href=\"https:\/\/www.hospitalarias.org\/en\/wp-content\/uploads\/sites\/2\/2021\/05\/IMG_4137-scaled.jpg\"><img decoding=\"async\" src=\"https:\/\/www.hospitalarias.org\/en\/wp-content\/uploads\/sites\/2\/2021\/05\/IMG_4137-1024x768.jpg\" alt=\"\" data-id=\"52061\" data-full-url=\"https:\/\/www.hospitalarias.org\/en\/wp-content\/uploads\/sites\/2\/2021\/05\/IMG_4137-scaled.jpg\" data-link=\"https:\/\/www.hospitalarias.org\/en\/sr-anabela-carneiro-superior-general-inaugurates-the-remodeling-of-the-ciempozuelos-museum\/img_4137\/\" class=\"wp-image-52061\" \/><\/a><\/figure><\/li><li class=\"blocks-gallery-item\"><figure><a href=\"https:\/\/www.hospitalarias.org\/en\/wp-content\/uploads\/sites\/2\/2021\/05\/IMG_4142-scaled.jpg\"><img decoding=\"async\" src=\"https:\/\/www.hospitalarias.org\/en\/wp-content\/uploads\/sites\/2\/2021\/05\/IMG_4142-1024x768.jpg\" alt=\"\" data-id=\"52062\" data-full-url=\"https:\/\/www.hospitalarias.org\/en\/wp-content\/uploads\/sites\/2\/2021\/05\/IMG_4142-scaled.jpg\" data-link=\"https:\/\/www.hospitalarias.org\/en\/sr-anabela-carneiro-superior-general-inaugurates-the-remodeling-of-the-ciempozuelos-museum\/img_4142\/\" class=\"wp-image-52062\" \/><\/a><\/figure><\/li><li class=\"blocks-gallery-item\"><figure><a href=\"https:\/\/www.hospitalarias.org\/en\/wp-content\/uploads\/sites\/2\/2021\/05\/IMG_4146-scaled.jpg\"><img decoding=\"async\" src=\"https:\/\/www.hospitalarias.org\/en\/wp-content\/uploads\/sites\/2\/2021\/05\/IMG_4146-1024x768.jpg\" alt=\"\" data-id=\"52063\" data-full-url=\"https:\/\/www.hospitalarias.org\/en\/wp-content\/uploads\/sites\/2\/2021\/05\/IMG_4146-scaled.jpg\" data-link=\"https:\/\/www.hospitalarias.org\/en\/sr-anabela-carneiro-superior-general-inaugurates-the-remodeling-of-the-ciempozuelos-museum\/img_4146\/\" class=\"wp-image-52063\" \/><\/a><\/figure><\/li><li class=\"blocks-gallery-item\"><figure><a href=\"https:\/\/www.hospitalarias.org\/en\/wp-content\/uploads\/sites\/2\/2021\/05\/IMG_4152-scaled.jpg\"><img decoding=\"async\" src=\"https:\/\/www.hospitalarias.org\/en\/wp-content\/uploads\/sites\/2\/2021\/05\/IMG_4152-1024x768.jpg\" alt=\"\" data-id=\"52064\" data-full-url=\"https:\/\/www.hospitalarias.org\/en\/wp-content\/uploads\/sites\/2\/2021\/05\/IMG_4152-scaled.jpg\" data-link=\"https:\/\/www.hospitalarias.org\/en\/sr-anabela-carneiro-superior-general-inaugurates-the-remodeling-of-the-ciempozuelos-museum\/img_4152\/\" class=\"wp-image-52064\" \/><\/a><\/figure><\/li><li class=\"blocks-gallery-item\"><figure><a href=\"https:\/\/www.hospitalarias.org\/en\/wp-content\/uploads\/sites\/2\/2021\/05\/IMG_4161-scaled.jpg\"><img decoding=\"async\" src=\"https:\/\/www.hospitalarias.org\/en\/wp-content\/uploads\/sites\/2\/2021\/05\/IMG_4161-1024x768.jpg\" alt=\"\" data-id=\"52066\" data-full-url=\"https:\/\/www.hospitalarias.org\/en\/wp-content\/uploads\/sites\/2\/2021\/05\/IMG_4161-scaled.jpg\" data-link=\"https:\/\/www.hospitalarias.org\/en\/sr-anabela-carneiro-superior-general-inaugurates-the-remodeling-of-the-ciempozuelos-museum\/img_4161\/\" class=\"wp-image-52066\" \/><\/a><\/figure><\/li><li class=\"blocks-gallery-item\"><figure><a href=\"https:\/\/www.hospitalarias.org\/en\/wp-content\/uploads\/sites\/2\/2021\/05\/IMG_4163-scaled.jpg\"><img decoding=\"async\" src=\"https:\/\/www.hospitalarias.org\/en\/wp-content\/uploads\/sites\/2\/2021\/05\/IMG_4163-1024x768.jpg\" alt=\"\" data-id=\"52067\" data-full-url=\"https:\/\/www.hospitalarias.org\/en\/wp-content\/uploads\/sites\/2\/2021\/05\/IMG_4163-scaled.jpg\" data-link=\"https:\/\/www.hospitalarias.org\/en\/sr-anabela-carneiro-superior-general-inaugurates-the-remodeling-of-the-ciempozuelos-museum\/img_4163\/\" class=\"wp-image-52067\" \/><\/a><\/figure><\/li><li class=\"blocks-gallery-item\"><figure><a href=\"https:\/\/www.hospitalarias.org\/en\/wp-content\/uploads\/sites\/2\/2021\/05\/IMG_4164-scaled.jpg\"><img decoding=\"async\" src=\"https:\/\/www.hospitalarias.org\/en\/wp-content\/uploads\/sites\/2\/2021\/05\/IMG_4164-1024x768.jpg\" alt=\"\" data-id=\"52068\" data-full-url=\"https:\/\/www.hospitalarias.org\/en\/wp-content\/uploads\/sites\/2\/2021\/05\/IMG_4164-scaled.jpg\" data-link=\"https:\/\/www.hospitalarias.org\/en\/sr-anabela-carneiro-superior-general-inaugurates-the-remodeling-of-the-ciempozuelos-museum\/img_4164\/\" class=\"wp-image-52068\" \/><\/a><\/figure><\/li><li class=\"blocks-gallery-item\"><figure><a href=\"https:\/\/www.hospitalarias.org\/en\/wp-content\/uploads\/sites\/2\/2021\/05\/IMG_4165-scaled.jpg\"><img decoding=\"async\" src=\"https:\/\/www.hospitalarias.org\/en\/wp-content\/uploads\/sites\/2\/2021\/05\/IMG_4165-1024x768.jpg\" alt=\"\" data-id=\"52069\" data-full-url=\"https:\/\/www.hospitalarias.org\/en\/wp-content\/uploads\/sites\/2\/2021\/05\/IMG_4165-scaled.jpg\" data-link=\"https:\/\/www.hospitalarias.org\/en\/sr-anabela-carneiro-superior-general-inaugurates-the-remodeling-of-the-ciempozuelos-museum\/img_4165\/\" class=\"wp-image-52069\" \/><\/a><\/figure><\/li><li class=\"blocks-gallery-item\"><figure><a href=\"https:\/\/www.hospitalarias.org\/en\/wp-content\/uploads\/sites\/2\/2021\/05\/IMG_4176-scaled.jpg\"><img decoding=\"async\" src=\"https:\/\/www.hospitalarias.org\/en\/wp-content\/uploads\/sites\/2\/2021\/05\/IMG_4176-1024x768.jpg\" alt=\"\" data-id=\"52070\" data-full-url=\"https:\/\/www.hospitalarias.org\/en\/wp-content\/uploads\/sites\/2\/2021\/05\/IMG_4176-scaled.jpg\" data-link=\"https:\/\/www.hospitalarias.org\/en\/sr-anabela-carneiro-superior-general-inaugurates-the-remodeling-of-the-ciempozuelos-museum\/img_4176\/\" class=\"wp-image-52070\" \/><\/a><\/figure><\/li><li class=\"blocks-gallery-item\"><figure><a href=\"https:\/\/www.hospitalarias.org\/en\/wp-content\/uploads\/sites\/2\/2021\/05\/IMG_4178-scaled.jpg\"><img decoding=\"async\" src=\"https:\/\/www.hospitalarias.org\/en\/wp-content\/uploads\/sites\/2\/2021\/05\/IMG_4178-1024x768.jpg\" alt=\"\" data-id=\"52071\" data-full-url=\"https:\/\/www.hospitalarias.org\/en\/wp-content\/uploads\/sites\/2\/2021\/05\/IMG_4178-scaled.jpg\" data-link=\"https:\/\/www.hospitalarias.org\/en\/sr-anabela-carneiro-superior-general-inaugurates-the-remodeling-of-the-ciempozuelos-museum\/img_4178\/\" class=\"wp-image-52071\" \/><\/a><\/figure><\/li><li class=\"blocks-gallery-item\"><figure><a href=\"https:\/\/www.hospitalarias.org\/en\/wp-content\/uploads\/sites\/2\/2021\/05\/IMG_4194-scaled.jpg\"><img decoding=\"async\" src=\"https:\/\/www.hospitalarias.org\/en\/wp-content\/uploads\/sites\/2\/2021\/05\/IMG_4194-1024x768.jpg\" alt=\"\" data-id=\"52072\" data-full-url=\"https:\/\/www.hospitalarias.org\/en\/wp-content\/uploads\/sites\/2\/2021\/05\/IMG_4194-scaled.jpg\" data-link=\"https:\/\/www.hospitalarias.org\/en\/sr-anabela-carneiro-superior-general-inaugurates-the-remodeling-of-the-ciempozuelos-museum\/img_4194\/\" class=\"wp-image-52072\" \/><\/a><\/figure><\/li><li class=\"blocks-gallery-item\"><figure><a href=\"https:\/\/www.hospitalarias.org\/en\/wp-content\/uploads\/sites\/2\/2021\/05\/IMG_4203-scaled.jpg\"><img decoding=\"async\" src=\"https:\/\/www.hospitalarias.org\/en\/wp-content\/uploads\/sites\/2\/2021\/05\/IMG_4203-1024x768.jpg\" alt=\"\" data-id=\"52073\" data-full-url=\"https:\/\/www.hospitalarias.org\/en\/wp-content\/uploads\/sites\/2\/2021\/05\/IMG_4203-scaled.jpg\" data-link=\"https:\/\/www.hospitalarias.org\/en\/sr-anabela-carneiro-superior-general-inaugurates-the-remodeling-of-the-ciempozuelos-museum\/img_4203\/\" class=\"wp-image-52073\" \/><\/a><\/figure><\/li><li class=\"blocks-gallery-item\"><figure><a href=\"https:\/\/www.hospitalarias.org\/en\/wp-content\/uploads\/sites\/2\/2021\/05\/IMG_4204-scaled.jpg\"><img decoding=\"async\" src=\"https:\/\/www.hospitalarias.org\/en\/wp-content\/uploads\/sites\/2\/2021\/05\/IMG_4204-1024x768.jpg\" alt=\"\" data-id=\"52074\" data-full-url=\"https:\/\/www.hospitalarias.org\/en\/wp-content\/uploads\/sites\/2\/2021\/05\/IMG_4204-scaled.jpg\" data-link=\"https:\/\/www.hospitalarias.org\/en\/sr-anabela-carneiro-superior-general-inaugurates-the-remodeling-of-the-ciempozuelos-museum\/img_4204\/\" class=\"wp-image-52074\" \/><\/a><\/figure><\/li><li class=\"blocks-gallery-item\"><figure><a href=\"https:\/\/www.hospitalarias.org\/en\/wp-content\/uploads\/sites\/2\/2021\/05\/IMG_4206-scaled.jpg\"><img decoding=\"async\" src=\"https:\/\/www.hospitalarias.org\/en\/wp-content\/uploads\/sites\/2\/2021\/05\/IMG_4206-1024x768.jpg\" alt=\"\" data-id=\"52075\" data-full-url=\"https:\/\/www.hospitalarias.org\/en\/wp-content\/uploads\/sites\/2\/2021\/05\/IMG_4206-scaled.jpg\" data-link=\"https:\/\/www.hospitalarias.org\/en\/sr-anabela-carneiro-superior-general-inaugurates-the-remodeling-of-the-ciempozuelos-museum\/img_4206\/\" class=\"wp-image-52075\" \/><\/a><\/figure><\/li><li class=\"blocks-gallery-item\"><figure><a href=\"https:\/\/www.hospitalarias.org\/en\/wp-content\/uploads\/sites\/2\/2021\/05\/IMG_4208-scaled.jpg\"><img decoding=\"async\" src=\"https:\/\/www.hospitalarias.org\/en\/wp-content\/uploads\/sites\/2\/2021\/05\/IMG_4208-1024x768.jpg\" alt=\"\" data-id=\"52076\" data-full-url=\"https:\/\/www.hospitalarias.org\/en\/wp-content\/uploads\/sites\/2\/2021\/05\/IMG_4208-scaled.jpg\" data-link=\"https:\/\/www.hospitalarias.org\/en\/sr-anabela-carneiro-superior-general-inaugurates-the-remodeling-of-the-ciempozuelos-museum\/img_4208\/\" class=\"wp-image-52076\" \/><\/a><\/figure><\/li><li class=\"blocks-gallery-item\"><figure><a href=\"https:\/\/www.hospitalarias.org\/en\/wp-content\/uploads\/sites\/2\/2021\/05\/IMG_4209-scaled.jpg\"><img decoding=\"async\" src=\"https:\/\/www.hospitalarias.org\/en\/wp-content\/uploads\/sites\/2\/2021\/05\/IMG_4209-1024x768.jpg\" alt=\"\" data-id=\"52077\" data-full-url=\"https:\/\/www.hospitalarias.org\/en\/wp-content\/uploads\/sites\/2\/2021\/05\/IMG_4209-scaled.jpg\" data-link=\"https:\/\/www.hospitalarias.org\/en\/sr-anabela-carneiro-superior-general-inaugurates-the-remodeling-of-the-ciempozuelos-museum\/img_4209\/\" class=\"wp-image-52077\" \/><\/a><\/figure><\/li><li class=\"blocks-gallery-item\"><figure><a href=\"https:\/\/www.hospitalarias.org\/en\/wp-content\/uploads\/sites\/2\/2021\/05\/IMG_4213-scaled.jpg\"><img decoding=\"async\" src=\"https:\/\/www.hospitalarias.org\/en\/wp-content\/uploads\/sites\/2\/2021\/05\/IMG_4213-1024x768.jpg\" alt=\"\" data-id=\"52078\" data-full-url=\"https:\/\/www.hospitalarias.org\/en\/wp-content\/uploads\/sites\/2\/2021\/05\/IMG_4213-scaled.jpg\" data-link=\"https:\/\/www.hospitalarias.org\/en\/sr-anabela-carneiro-superior-general-inaugurates-the-remodeling-of-the-ciempozuelos-museum\/img_4213\/\" class=\"wp-image-52078\" \/><\/a><\/figure><\/li><li class=\"blocks-gallery-item\"><figure><a href=\"https:\/\/www.hospitalarias.org\/en\/wp-content\/uploads\/sites\/2\/2021\/05\/IMG_4222-scaled.jpg\"><img decoding=\"async\" src=\"https:\/\/www.hospitalarias.org\/en\/wp-content\/uploads\/sites\/2\/2021\/05\/IMG_4222-1024x768.jpg\" alt=\"\" data-id=\"52079\" data-full-url=\"https:\/\/www.hospitalarias.org\/en\/wp-content\/uploads\/sites\/2\/2021\/05\/IMG_4222-scaled.jpg\" data-link=\"https:\/\/www.hospitalarias.org\/en\/sr-anabela-carneiro-superior-general-inaugurates-the-remodeling-of-the-ciempozuelos-museum\/img_4222\/\" class=\"wp-image-52079\" \/><\/a><\/figure><\/li><li class=\"blocks-gallery-item\"><figure><a href=\"https:\/\/www.hospitalarias.org\/en\/wp-content\/uploads\/sites\/2\/2021\/05\/IMG_4223-scaled.jpg\"><img decoding=\"async\" src=\"https:\/\/www.hospitalarias.org\/en\/wp-content\/uploads\/sites\/2\/2021\/05\/IMG_4223-1024x768.jpg\" alt=\"\" data-id=\"52080\" data-full-url=\"https:\/\/www.hospitalarias.org\/en\/wp-content\/uploads\/sites\/2\/2021\/05\/IMG_4223-scaled.jpg\" data-link=\"https:\/\/www.hospitalarias.org\/en\/sr-anabela-carneiro-superior-general-inaugurates-the-remodeling-of-the-ciempozuelos-museum\/img_4223\/\" class=\"wp-image-52080\" \/><\/a><\/figure><\/li><li class=\"blocks-gallery-item\"><figure><a href=\"https:\/\/www.hospitalarias.org\/en\/wp-content\/uploads\/sites\/2\/2021\/05\/IMG_4226-scaled.jpg\"><img decoding=\"async\" src=\"https:\/\/www.hospitalarias.org\/en\/wp-content\/uploads\/sites\/2\/2021\/05\/IMG_4226-1024x768.jpg\" alt=\"\" data-id=\"52081\" data-full-url=\"https:\/\/www.hospitalarias.org\/en\/wp-content\/uploads\/sites\/2\/2021\/05\/IMG_4226-scaled.jpg\" data-link=\"https:\/\/www.hospitalarias.org\/en\/sr-anabela-carneiro-superior-general-inaugurates-the-remodeling-of-the-ciempozuelos-museum\/img_4226\/\" class=\"wp-image-52081\" \/><\/a><\/figure><\/li><li class=\"blocks-gallery-item\"><figure><a href=\"https:\/\/www.hospitalarias.org\/en\/wp-content\/uploads\/sites\/2\/2021\/05\/IMG_4228-scaled.jpg\"><img decoding=\"async\" src=\"https:\/\/www.hospitalarias.org\/en\/wp-content\/uploads\/sites\/2\/2021\/05\/IMG_4228-1024x768.jpg\" alt=\"\" data-id=\"52082\" data-full-url=\"https:\/\/www.hospitalarias.org\/en\/wp-content\/uploads\/sites\/2\/2021\/05\/IMG_4228-scaled.jpg\" data-link=\"https:\/\/www.hospitalarias.org\/en\/sr-anabela-carneiro-superior-general-inaugurates-the-remodeling-of-the-ciempozuelos-museum\/img_4228\/\" class=\"wp-image-52082\" \/><\/a><\/figure><\/li><li class=\"blocks-gallery-item\"><figure><a href=\"https:\/\/www.hospitalarias.org\/en\/wp-content\/uploads\/sites\/2\/2021\/05\/IMG_4229-scaled.jpg\"><img decoding=\"async\" src=\"https:\/\/www.hospitalarias.org\/en\/wp-content\/uploads\/sites\/2\/2021\/05\/IMG_4229-1024x768.jpg\" alt=\"\" data-id=\"52083\" data-full-url=\"https:\/\/www.hospitalarias.org\/en\/wp-content\/uploads\/sites\/2\/2021\/05\/IMG_4229-scaled.jpg\" data-link=\"https:\/\/www.hospitalarias.org\/en\/sr-anabela-carneiro-superior-general-inaugurates-the-remodeling-of-the-ciempozuelos-museum\/img_4229\/\" class=\"wp-image-52083\" \/><\/a><\/figure><\/li><li class=\"blocks-gallery-item\"><figure><a href=\"https:\/\/www.hospitalarias.org\/en\/wp-content\/uploads\/sites\/2\/2021\/05\/IMG_4236-scaled.jpg\"><img decoding=\"async\" src=\"https:\/\/www.hospitalarias.org\/en\/wp-content\/uploads\/sites\/2\/2021\/05\/IMG_4236-1024x768.jpg\" alt=\"\" data-id=\"52084\" data-full-url=\"https:\/\/www.hospitalarias.org\/en\/wp-content\/uploads\/sites\/2\/2021\/05\/IMG_4236-scaled.jpg\" data-link=\"https:\/\/www.hospitalarias.org\/en\/sr-anabela-carneiro-superior-general-inaugurates-the-remodeling-of-the-ciempozuelos-museum\/img_4236\/\" class=\"wp-image-52084\" \/><\/a><\/figure><\/li><li class=\"blocks-gallery-item\"><figure><a href=\"https:\/\/www.hospitalarias.org\/en\/wp-content\/uploads\/sites\/2\/2021\/05\/IMG_4239-scaled.jpg\"><img decoding=\"async\" src=\"https:\/\/www.hospitalarias.org\/en\/wp-content\/uploads\/sites\/2\/2021\/05\/IMG_4239-1024x768.jpg\" alt=\"\" data-id=\"52085\" data-full-url=\"https:\/\/www.hospitalarias.org\/en\/wp-content\/uploads\/sites\/2\/2021\/05\/IMG_4239-scaled.jpg\" data-link=\"https:\/\/www.hospitalarias.org\/en\/sr-anabela-carneiro-superior-general-inaugurates-the-remodeling-of-the-ciempozuelos-museum\/img_4239\/\" class=\"wp-image-52085\" \/><\/a><\/figure><\/li><li class=\"blocks-gallery-item\"><figure><a href=\"https:\/\/www.hospitalarias.org\/en\/wp-content\/uploads\/sites\/2\/2021\/05\/IMG_4246-scaled.jpg\"><img decoding=\"async\" src=\"https:\/\/www.hospitalarias.org\/en\/wp-content\/uploads\/sites\/2\/2021\/05\/IMG_4246-1024x768.jpg\" alt=\"\" data-id=\"52086\" data-full-url=\"https:\/\/www.hospitalarias.org\/en\/wp-content\/uploads\/sites\/2\/2021\/05\/IMG_4246-scaled.jpg\" data-link=\"https:\/\/www.hospitalarias.org\/en\/sr-anabela-carneiro-superior-general-inaugurates-the-remodeling-of-the-ciempozuelos-museum\/img_4246\/\" class=\"wp-image-52086\" \/><\/a><\/figure><\/li><li class=\"blocks-gallery-item\"><figure><a href=\"https:\/\/www.hospitalarias.org\/en\/wp-content\/uploads\/sites\/2\/2021\/05\/IMG_4248-scaled.jpg\"><img decoding=\"async\" src=\"https:\/\/www.hospitalarias.org\/en\/wp-content\/uploads\/sites\/2\/2021\/05\/IMG_4248-1024x768.jpg\" alt=\"\" data-id=\"52087\" data-full-url=\"https:\/\/www.hospitalarias.org\/en\/wp-content\/uploads\/sites\/2\/2021\/05\/IMG_4248-scaled.jpg\" data-link=\"https:\/\/www.hospitalarias.org\/en\/sr-anabela-carneiro-superior-general-inaugurates-the-remodeling-of-the-ciempozuelos-museum\/img_4248\/\" class=\"wp-image-52087\" \/><\/a><\/figure><\/li><li class=\"blocks-gallery-item\"><figure><a href=\"https:\/\/www.hospitalarias.org\/en\/wp-content\/uploads\/sites\/2\/2021\/05\/IMG_4249-scaled.jpg\"><img decoding=\"async\" src=\"https:\/\/www.hospitalarias.org\/en\/wp-content\/uploads\/sites\/2\/2021\/05\/IMG_4249-1024x768.jpg\" alt=\"\" data-id=\"52089\" data-full-url=\"https:\/\/www.hospitalarias.org\/en\/wp-content\/uploads\/sites\/2\/2021\/05\/IMG_4249-scaled.jpg\" data-link=\"https:\/\/www.hospitalarias.org\/en\/sr-anabela-carneiro-superior-general-inaugurates-the-remodeling-of-the-ciempozuelos-museum\/img_4249\/\" class=\"wp-image-52089\" \/><\/a><\/figure><\/li><li class=\"blocks-gallery-item\"><figure><a href=\"https:\/\/www.hospitalarias.org\/en\/wp-content\/uploads\/sites\/2\/2021\/05\/IMG_4267-scaled.jpg\"><img decoding=\"async\" src=\"https:\/\/www.hospitalarias.org\/en\/wp-content\/uploads\/sites\/2\/2021\/05\/IMG_4267-1024x768.jpg\" alt=\"\" data-id=\"52090\" data-full-url=\"https:\/\/www.hospitalarias.org\/en\/wp-content\/uploads\/sites\/2\/2021\/05\/IMG_4267-scaled.jpg\" data-link=\"https:\/\/www.hospitalarias.org\/en\/sr-anabela-carneiro-superior-general-inaugurates-the-remodeling-of-the-ciempozuelos-museum\/img_4267\/\" class=\"wp-image-52090\" \/><\/a><\/figure><\/li><li class=\"blocks-gallery-item\"><figure><a href=\"https:\/\/www.hospitalarias.org\/en\/wp-content\/uploads\/sites\/2\/2021\/05\/IMG_4272-scaled.jpg\"><img decoding=\"async\" src=\"https:\/\/www.hospitalarias.org\/en\/wp-content\/uploads\/sites\/2\/2021\/05\/IMG_4272-1024x768.jpg\" alt=\"\" data-id=\"52091\" data-full-url=\"https:\/\/www.hospitalarias.org\/en\/wp-content\/uploads\/sites\/2\/2021\/05\/IMG_4272-scaled.jpg\" data-link=\"https:\/\/www.hospitalarias.org\/en\/sr-anabela-carneiro-superior-general-inaugurates-the-remodeling-of-the-ciempozuelos-museum\/img_4272\/\" class=\"wp-image-52091\" \/><\/a><\/figure><\/li><li class=\"blocks-gallery-item\"><figure><a href=\"https:\/\/www.hospitalarias.org\/en\/wp-content\/uploads\/sites\/2\/2021\/05\/IMG_4273-scaled.jpg\"><img decoding=\"async\" src=\"https:\/\/www.hospitalarias.org\/en\/wp-content\/uploads\/sites\/2\/2021\/05\/IMG_4273-1024x768.jpg\" alt=\"\" data-id=\"52092\" data-full-url=\"https:\/\/www.hospitalarias.org\/en\/wp-content\/uploads\/sites\/2\/2021\/05\/IMG_4273-scaled.jpg\" data-link=\"https:\/\/www.hospitalarias.org\/en\/sr-anabela-carneiro-superior-general-inaugurates-the-remodeling-of-the-ciempozuelos-museum\/img_4273\/\" class=\"wp-image-52092\" \/><\/a><\/figure><\/li><li class=\"blocks-gallery-item\"><figure><a href=\"https:\/\/www.hospitalarias.org\/en\/wp-content\/uploads\/sites\/2\/2021\/05\/IMG_4274-scaled.jpg\"><img decoding=\"async\" src=\"https:\/\/www.hospitalarias.org\/en\/wp-content\/uploads\/sites\/2\/2021\/05\/IMG_4274-1024x768.jpg\" alt=\"\" data-id=\"52093\" data-full-url=\"https:\/\/www.hospitalarias.org\/en\/wp-content\/uploads\/sites\/2\/2021\/05\/IMG_4274-scaled.jpg\" data-link=\"https:\/\/www.hospitalarias.org\/en\/sr-anabela-carneiro-superior-general-inaugurates-the-remodeling-of-the-ciempozuelos-museum\/img_4274\/\" class=\"wp-image-52093\" \/><\/a><\/figure><\/li><li class=\"blocks-gallery-item\"><figure><a href=\"https:\/\/www.hospitalarias.org\/en\/wp-content\/uploads\/sites\/2\/2021\/05\/IMG_4275-1-scaled.jpg\"><img decoding=\"async\" src=\"https:\/\/www.hospitalarias.org\/en\/wp-content\/uploads\/sites\/2\/2021\/05\/IMG_4275-1-1024x768.jpg\" alt=\"\" data-id=\"52094\" data-full-url=\"https:\/\/www.hospitalarias.org\/en\/wp-content\/uploads\/sites\/2\/2021\/05\/IMG_4275-1-scaled.jpg\" data-link=\"https:\/\/www.hospitalarias.org\/en\/sr-anabela-carneiro-superior-general-inaugurates-the-remodeling-of-the-ciempozuelos-museum\/img_4275-1\/\" class=\"wp-image-52094\" \/><\/a><\/figure><\/li><li class=\"blocks-gallery-item\"><figure><a href=\"https:\/\/www.hospitalarias.org\/en\/wp-content\/uploads\/sites\/2\/2021\/05\/IMG_4277-scaled.jpg\"><img decoding=\"async\" src=\"https:\/\/www.hospitalarias.org\/en\/wp-content\/uploads\/sites\/2\/2021\/05\/IMG_4277-1024x768.jpg\" alt=\"\" data-id=\"52095\" data-full-url=\"https:\/\/www.hospitalarias.org\/en\/wp-content\/uploads\/sites\/2\/2021\/05\/IMG_4277-scaled.jpg\" data-link=\"https:\/\/www.hospitalarias.org\/en\/sr-anabela-carneiro-superior-general-inaugurates-the-remodeling-of-the-ciempozuelos-museum\/img_4277\/\" class=\"wp-image-52095\" \/><\/a><\/figure><\/li><\/ul><\/figure>\n","protected":false},"excerpt":{"rendered":"<p>Today Saturday, May 15, the Superior General of Hermanas Hospitalarias, Sr. ANABELA MOREIRA G. CARNEIRO, presided over the inauguration ceremony of the remodeling of the Museum of Ciempozuelos. Sister Anabela Carneiro has been accompanied by the Bishop of Getafe, Monsignor Gin\u00e9s Garc\u00eda Beltr\u00e1n, the Mayor of Ciempozuelos, Mrs. Raquel Jimeno, the General secretary of the [&hellip;]<\/p>\n","protected":false},"author":1,"featured_media":52065,"comment_status":"open","ping_status":"open","sticky":false,"template":"","format":"standard","meta":{"_acf_changed":false,"footnotes":""},"categories":[588],"tags":[],"class_list":["post-65918","post","type-post","status-publish","format-standard","has-post-thumbnail","hentry","category-cat-news"],"acf":[],"yoast_head":"<!-- This site is optimized with the Yoast SEO plugin v27.4 - https:\/\/yoast.com\/product\/yoast-seo-wordpress\/ -->\n<title>Sr. Anabela Carneiro, Superior General, inaugurates the remodeling of the Ciempozuelos Museum - Hermanas Hospitalarias<\/title>\n<meta name=\"robots\" content=\"index, follow, max-snippet:-1, max-image-preview:large, max-video-preview:-1\" \/>\n<link rel=\"canonical\" href=\"https:\/\/hospitalarias.org\/en\/sr-anabela-carneiro-superior-general-inaugurates-the-remodeling-of-the-ciempozuelos-museum\/\" \/>\n<meta property=\"og:locale\" content=\"en_US\" \/>\n<meta property=\"og:type\" content=\"article\" \/>\n<meta property=\"og:title\" content=\"Sr. Anabela Carneiro, Superior General, inaugurates the remodeling of the Ciempozuelos Museum - Hermanas Hospitalarias\" \/>\n<meta property=\"og:description\" content=\"Today Saturday, May 15, the Superior General of Hermanas Hospitalarias, Sr. ANABELA MOREIRA G. CARNEIRO, presided over the inauguration ceremony of the remodeling of the Museum of Ciempozuelos. Sister Anabela Carneiro has been accompanied by the Bishop of Getafe, Monsignor Gin\u00e9s Garc\u00eda Beltr\u00e1n, the Mayor of Ciempozuelos, Mrs. Raquel Jimeno, the General secretary of the [&hellip;]\" \/>\n<meta property=\"og:url\" content=\"https:\/\/hospitalarias.org\/en\/sr-anabela-carneiro-superior-general-inaugurates-the-remodeling-of-the-ciempozuelos-museum\/\" \/>\n<meta property=\"og:site_name\" content=\"Hermanas Hospitalarias\" \/>\n<meta property=\"article:published_time\" content=\"2021-05-15T11:32:33+00:00\" \/>\n<meta name=\"author\" content=\"hospitalarias\" \/>\n<meta name=\"twitter:card\" content=\"summary_large_image\" \/>\n<meta name=\"twitter:label1\" content=\"Written by\" \/>\n\t<meta name=\"twitter:data1\" content=\"hospitalarias\" \/>\n\t<meta name=\"twitter:label2\" content=\"Est. reading time\" \/>\n\t<meta name=\"twitter:data2\" content=\"2 minutes\" \/>\n<script type=\"application\/ld+json\" class=\"yoast-schema-graph\">{\"@context\":\"https:\\\/\\\/schema.org\",\"@graph\":[{\"@type\":\"Article\",\"@id\":\"https:\\\/\\\/hospitalarias.org\\\/en\\\/sr-anabela-carneiro-superior-general-inaugurates-the-remodeling-of-the-ciempozuelos-museum\\\/#article\",\"isPartOf\":{\"@id\":\"https:\\\/\\\/hospitalarias.org\\\/en\\\/sr-anabela-carneiro-superior-general-inaugurates-the-remodeling-of-the-ciempozuelos-museum\\\/\"},\"author\":{\"name\":\"hospitalarias\",\"@id\":\"https:\\\/\\\/hospitalarias.org\\\/#\\\/schema\\\/person\\\/5e964e7aab6802d5c2da189de44b7365\"},\"headline\":\"Sr. Anabela Carneiro, Superior General, inaugurates the remodeling of the Ciempozuelos Museum\",\"datePublished\":\"2021-05-15T11:32:33+00:00\",\"mainEntityOfPage\":{\"@id\":\"https:\\\/\\\/hospitalarias.org\\\/en\\\/sr-anabela-carneiro-superior-general-inaugurates-the-remodeling-of-the-ciempozuelos-museum\\\/\"},\"wordCount\":383,\"commentCount\":0,\"publisher\":{\"@id\":\"https:\\\/\\\/hospitalarias.org\\\/#organization\"},\"image\":{\"@id\":\"https:\\\/\\\/hospitalarias.org\\\/en\\\/sr-anabela-carneiro-superior-general-inaugurates-the-remodeling-of-the-ciempozuelos-museum\\\/#primaryimage\"},\"thumbnailUrl\":\"https:\\\/\\\/hospitalarias.org\\\/wp-content\\\/uploads\\\/2020\\\/12\\\/dfeagra.png\",\"articleSection\":[\"News\"],\"inLanguage\":\"en-US\"},{\"@type\":\"WebPage\",\"@id\":\"https:\\\/\\\/hospitalarias.org\\\/en\\\/sr-anabela-carneiro-superior-general-inaugurates-the-remodeling-of-the-ciempozuelos-museum\\\/\",\"url\":\"https:\\\/\\\/hospitalarias.org\\\/en\\\/sr-anabela-carneiro-superior-general-inaugurates-the-remodeling-of-the-ciempozuelos-museum\\\/\",\"name\":\"Sr. Anabela Carneiro, Superior General, inaugurates the remodeling of the Ciempozuelos Museum - Hermanas Hospitalarias\",\"isPartOf\":{\"@id\":\"https:\\\/\\\/hospitalarias.org\\\/#website\"},\"primaryImageOfPage\":{\"@id\":\"https:\\\/\\\/hospitalarias.org\\\/en\\\/sr-anabela-carneiro-superior-general-inaugurates-the-remodeling-of-the-ciempozuelos-museum\\\/#primaryimage\"},\"image\":{\"@id\":\"https:\\\/\\\/hospitalarias.org\\\/en\\\/sr-anabela-carneiro-superior-general-inaugurates-the-remodeling-of-the-ciempozuelos-museum\\\/#primaryimage\"},\"thumbnailUrl\":\"https:\\\/\\\/hospitalarias.org\\\/wp-content\\\/uploads\\\/2020\\\/12\\\/dfeagra.png\",\"datePublished\":\"2021-05-15T11:32:33+00:00\",\"breadcrumb\":{\"@id\":\"https:\\\/\\\/hospitalarias.org\\\/en\\\/sr-anabela-carneiro-superior-general-inaugurates-the-remodeling-of-the-ciempozuelos-museum\\\/#breadcrumb\"},\"inLanguage\":\"en-US\",\"potentialAction\":[{\"@type\":\"ReadAction\",\"target\":[\"https:\\\/\\\/hospitalarias.org\\\/en\\\/sr-anabela-carneiro-superior-general-inaugurates-the-remodeling-of-the-ciempozuelos-museum\\\/\"]}]},{\"@type\":\"ImageObject\",\"inLanguage\":\"en-US\",\"@id\":\"https:\\\/\\\/hospitalarias.org\\\/en\\\/sr-anabela-carneiro-superior-general-inaugurates-the-remodeling-of-the-ciempozuelos-museum\\\/#primaryimage\",\"url\":\"https:\\\/\\\/hospitalarias.org\\\/wp-content\\\/uploads\\\/2020\\\/12\\\/dfeagra.png\",\"contentUrl\":\"https:\\\/\\\/hospitalarias.org\\\/wp-content\\\/uploads\\\/2020\\\/12\\\/dfeagra.png\",\"width\":892,\"height\":447},{\"@type\":\"BreadcrumbList\",\"@id\":\"https:\\\/\\\/hospitalarias.org\\\/en\\\/sr-anabela-carneiro-superior-general-inaugurates-the-remodeling-of-the-ciempozuelos-museum\\\/#breadcrumb\",\"itemListElement\":[{\"@type\":\"ListItem\",\"position\":1,\"name\":\"Inicio\",\"item\":\"https:\\\/\\\/hospitalarias.org\\\/\"},{\"@type\":\"ListItem\",\"position\":2,\"name\":\"Sr. Anabela Carneiro, Superior General, inaugurates the remodeling of the Ciempozuelos Museum\"}]},{\"@type\":\"WebSite\",\"@id\":\"https:\\\/\\\/hospitalarias.org\\\/#website\",\"url\":\"https:\\\/\\\/hospitalarias.org\\\/\",\"name\":\"Hermanas Hospitalarias\",\"description\":\"\",\"publisher\":{\"@id\":\"https:\\\/\\\/hospitalarias.org\\\/#organization\"},\"potentialAction\":[{\"@type\":\"SearchAction\",\"target\":{\"@type\":\"EntryPoint\",\"urlTemplate\":\"https:\\\/\\\/hospitalarias.org\\\/?s={search_term_string}\"},\"query-input\":{\"@type\":\"PropertyValueSpecification\",\"valueRequired\":true,\"valueName\":\"search_term_string\"}}],\"inLanguage\":\"en-US\"},{\"@type\":\"Organization\",\"@id\":\"https:\\\/\\\/hospitalarias.org\\\/#organization\",\"name\":\"Hermanas Hospitalarias\",\"url\":\"https:\\\/\\\/hospitalarias.org\\\/\",\"logo\":{\"@type\":\"ImageObject\",\"inLanguage\":\"en-US\",\"@id\":\"https:\\\/\\\/hospitalarias.org\\\/#\\\/schema\\\/logo\\\/image\\\/\",\"url\":\"https:\\\/\\\/hospitalarias.org\\\/wp-content\\\/uploads\\\/2025\\\/06\\\/logo-es-1.svg\",\"contentUrl\":\"https:\\\/\\\/hospitalarias.org\\\/wp-content\\\/uploads\\\/2025\\\/06\\\/logo-es-1.svg\",\"caption\":\"Hermanas Hospitalarias\"},\"image\":{\"@id\":\"https:\\\/\\\/hospitalarias.org\\\/#\\\/schema\\\/logo\\\/image\\\/\"}},{\"@type\":\"Person\",\"@id\":\"https:\\\/\\\/hospitalarias.org\\\/#\\\/schema\\\/person\\\/5e964e7aab6802d5c2da189de44b7365\",\"name\":\"hospitalarias\",\"image\":{\"@type\":\"ImageObject\",\"inLanguage\":\"en-US\",\"@id\":\"https:\\\/\\\/secure.gravatar.com\\\/avatar\\\/333fbff3d623aede971942db698a9ce540a361f30762fe0f1e1315a63f88a856?s=96&d=mm&r=g\",\"url\":\"https:\\\/\\\/secure.gravatar.com\\\/avatar\\\/333fbff3d623aede971942db698a9ce540a361f30762fe0f1e1315a63f88a856?s=96&d=mm&r=g\",\"contentUrl\":\"https:\\\/\\\/secure.gravatar.com\\\/avatar\\\/333fbff3d623aede971942db698a9ce540a361f30762fe0f1e1315a63f88a856?s=96&d=mm&r=g\",\"caption\":\"hospitalarias\"},\"sameAs\":[\"https:\\\/\\\/hospitalarias.org\"],\"url\":\"https:\\\/\\\/hospitalarias.org\\\/en\\\/author\\\/hospitalarias\\\/\"}]}<\/script>\n<!-- \/ Yoast SEO plugin. -->","yoast_head_json":{"title":"Sr. Anabela Carneiro, Superior General, inaugurates the remodeling of the Ciempozuelos Museum - Hermanas Hospitalarias","robots":{"index":"index","follow":"follow","max-snippet":"max-snippet:-1","max-image-preview":"max-image-preview:large","max-video-preview":"max-video-preview:-1"},"canonical":"https:\/\/hospitalarias.org\/en\/sr-anabela-carneiro-superior-general-inaugurates-the-remodeling-of-the-ciempozuelos-museum\/","og_locale":"en_US","og_type":"article","og_title":"Sr. Anabela Carneiro, Superior General, inaugurates the remodeling of the Ciempozuelos Museum - Hermanas Hospitalarias","og_description":"Today Saturday, May 15, the Superior General of Hermanas Hospitalarias, Sr. ANABELA MOREIRA G. CARNEIRO, presided over the inauguration ceremony of the remodeling of the Museum of Ciempozuelos. Sister Anabela Carneiro has been accompanied by the Bishop of Getafe, Monsignor Gin\u00e9s Garc\u00eda Beltr\u00e1n, the Mayor of Ciempozuelos, Mrs. Raquel Jimeno, the General secretary of the [&hellip;]","og_url":"https:\/\/hospitalarias.org\/en\/sr-anabela-carneiro-superior-general-inaugurates-the-remodeling-of-the-ciempozuelos-museum\/","og_site_name":"Hermanas Hospitalarias","article_published_time":"2021-05-15T11:32:33+00:00","author":"hospitalarias","twitter_card":"summary_large_image","twitter_misc":{"Written by":"hospitalarias","Est. reading time":"2 minutes"},"schema":{"@context":"https:\/\/schema.org","@graph":[{"@type":"Article","@id":"https:\/\/hospitalarias.org\/en\/sr-anabela-carneiro-superior-general-inaugurates-the-remodeling-of-the-ciempozuelos-museum\/#article","isPartOf":{"@id":"https:\/\/hospitalarias.org\/en\/sr-anabela-carneiro-superior-general-inaugurates-the-remodeling-of-the-ciempozuelos-museum\/"},"author":{"name":"hospitalarias","@id":"https:\/\/hospitalarias.org\/#\/schema\/person\/5e964e7aab6802d5c2da189de44b7365"},"headline":"Sr. Anabela Carneiro, Superior General, inaugurates the remodeling of the Ciempozuelos Museum","datePublished":"2021-05-15T11:32:33+00:00","mainEntityOfPage":{"@id":"https:\/\/hospitalarias.org\/en\/sr-anabela-carneiro-superior-general-inaugurates-the-remodeling-of-the-ciempozuelos-museum\/"},"wordCount":383,"commentCount":0,"publisher":{"@id":"https:\/\/hospitalarias.org\/#organization"},"image":{"@id":"https:\/\/hospitalarias.org\/en\/sr-anabela-carneiro-superior-general-inaugurates-the-remodeling-of-the-ciempozuelos-museum\/#primaryimage"},"thumbnailUrl":"https:\/\/hospitalarias.org\/wp-content\/uploads\/2020\/12\/dfeagra.png","articleSection":["News"],"inLanguage":"en-US"},{"@type":"WebPage","@id":"https:\/\/hospitalarias.org\/en\/sr-anabela-carneiro-superior-general-inaugurates-the-remodeling-of-the-ciempozuelos-museum\/","url":"https:\/\/hospitalarias.org\/en\/sr-anabela-carneiro-superior-general-inaugurates-the-remodeling-of-the-ciempozuelos-museum\/","name":"Sr. Anabela Carneiro, Superior General, inaugurates the remodeling of the Ciempozuelos Museum - Hermanas Hospitalarias","isPartOf":{"@id":"https:\/\/hospitalarias.org\/#website"},"primaryImageOfPage":{"@id":"https:\/\/hospitalarias.org\/en\/sr-anabela-carneiro-superior-general-inaugurates-the-remodeling-of-the-ciempozuelos-museum\/#primaryimage"},"image":{"@id":"https:\/\/hospitalarias.org\/en\/sr-anabela-carneiro-superior-general-inaugurates-the-remodeling-of-the-ciempozuelos-museum\/#primaryimage"},"thumbnailUrl":"https:\/\/hospitalarias.org\/wp-content\/uploads\/2020\/12\/dfeagra.png","datePublished":"2021-05-15T11:32:33+00:00","breadcrumb":{"@id":"https:\/\/hospitalarias.org\/en\/sr-anabela-carneiro-superior-general-inaugurates-the-remodeling-of-the-ciempozuelos-museum\/#breadcrumb"},"inLanguage":"en-US","potentialAction":[{"@type":"ReadAction","target":["https:\/\/hospitalarias.org\/en\/sr-anabela-carneiro-superior-general-inaugurates-the-remodeling-of-the-ciempozuelos-museum\/"]}]},{"@type":"ImageObject","inLanguage":"en-US","@id":"https:\/\/hospitalarias.org\/en\/sr-anabela-carneiro-superior-general-inaugurates-the-remodeling-of-the-ciempozuelos-museum\/#primaryimage","url":"https:\/\/hospitalarias.org\/wp-content\/uploads\/2020\/12\/dfeagra.png","contentUrl":"https:\/\/hospitalarias.org\/wp-content\/uploads\/2020\/12\/dfeagra.png","width":892,"height":447},{"@type":"BreadcrumbList","@id":"https:\/\/hospitalarias.org\/en\/sr-anabela-carneiro-superior-general-inaugurates-the-remodeling-of-the-ciempozuelos-museum\/#breadcrumb","itemListElement":[{"@type":"ListItem","position":1,"name":"Inicio","item":"https:\/\/hospitalarias.org\/"},{"@type":"ListItem","position":2,"name":"Sr. Anabela Carneiro, Superior General, inaugurates the remodeling of the Ciempozuelos Museum"}]},{"@type":"WebSite","@id":"https:\/\/hospitalarias.org\/#website","url":"https:\/\/hospitalarias.org\/","name":"Hermanas Hospitalarias","description":"","publisher":{"@id":"https:\/\/hospitalarias.org\/#organization"},"potentialAction":[{"@type":"SearchAction","target":{"@type":"EntryPoint","urlTemplate":"https:\/\/hospitalarias.org\/?s={search_term_string}"},"query-input":{"@type":"PropertyValueSpecification","valueRequired":true,"valueName":"search_term_string"}}],"inLanguage":"en-US"},{"@type":"Organization","@id":"https:\/\/hospitalarias.org\/#organization","name":"Hermanas Hospitalarias","url":"https:\/\/hospitalarias.org\/","logo":{"@type":"ImageObject","inLanguage":"en-US","@id":"https:\/\/hospitalarias.org\/#\/schema\/logo\/image\/","url":"https:\/\/hospitalarias.org\/wp-content\/uploads\/2025\/06\/logo-es-1.svg","contentUrl":"https:\/\/hospitalarias.org\/wp-content\/uploads\/2025\/06\/logo-es-1.svg","caption":"Hermanas Hospitalarias"},"image":{"@id":"https:\/\/hospitalarias.org\/#\/schema\/logo\/image\/"}},{"@type":"Person","@id":"https:\/\/hospitalarias.org\/#\/schema\/person\/5e964e7aab6802d5c2da189de44b7365","name":"hospitalarias","image":{"@type":"ImageObject","inLanguage":"en-US","@id":"https:\/\/secure.gravatar.com\/avatar\/333fbff3d623aede971942db698a9ce540a361f30762fe0f1e1315a63f88a856?s=96&d=mm&r=g","url":"https:\/\/secure.gravatar.com\/avatar\/333fbff3d623aede971942db698a9ce540a361f30762fe0f1e1315a63f88a856?s=96&d=mm&r=g","contentUrl":"https:\/\/secure.gravatar.com\/avatar\/333fbff3d623aede971942db698a9ce540a361f30762fe0f1e1315a63f88a856?s=96&d=mm&r=g","caption":"hospitalarias"},"sameAs":["https:\/\/hospitalarias.org"],"url":"https:\/\/hospitalarias.org\/en\/author\/hospitalarias\/"}]}},"_links":{"self":[{"href":"https:\/\/hospitalarias.org\/en\/wp-json\/wp\/v2\/posts\/65918","targetHints":{"allow":["GET"]}}],"collection":[{"href":"https:\/\/hospitalarias.org\/en\/wp-json\/wp\/v2\/posts"}],"about":[{"href":"https:\/\/hospitalarias.org\/en\/wp-json\/wp\/v2\/types\/post"}],"author":[{"embeddable":true,"href":"https:\/\/hospitalarias.org\/en\/wp-json\/wp\/v2\/users\/1"}],"replies":[{"embeddable":true,"href":"https:\/\/hospitalarias.org\/en\/wp-json\/wp\/v2\/comments?post=65918"}],"version-history":[{"count":0,"href":"https:\/\/hospitalarias.org\/en\/wp-json\/wp\/v2\/posts\/65918\/revisions"}],"wp:featuredmedia":[{"embeddable":true,"href":"https:\/\/hospitalarias.org\/en\/wp-json\/wp\/v2\/media\/52065"}],"wp:attachment":[{"href":"https:\/\/hospitalarias.org\/en\/wp-json\/wp\/v2\/media?parent=65918"}],"wp:term":[{"taxonomy":"category","embeddable":true,"href":"https:\/\/hospitalarias.org\/en\/wp-json\/wp\/v2\/categories?post=65918"},{"taxonomy":"post_tag","embeddable":true,"href":"https:\/\/hospitalarias.org\/en\/wp-json\/wp\/v2\/tags?post=65918"}],"curies":[{"name":"wp","href":"https:\/\/api.w.org\/{rel}","templated":true}]}}