{"id":65888,"date":"2014-07-30T15:48:46","date_gmt":"2014-07-30T14:48:46","guid":{"rendered":"https:\/\/www.hospitalarias.org\/en\/?p=3182"},"modified":"2014-07-30T15:48:46","modified_gmt":"2014-07-30T14:48:46","slug":"maria-angustias-gimenez-vera","status":"publish","type":"post","link":"https:\/\/hospitalarias.org\/en\/maria-angustias-gimenez-vera\/","title":{"rendered":"Mar\u00eda Angustias Gim\u00e9nez Vera"},"content":{"rendered":"<p>The following 2 August, will be the 117<sup>th<\/sup> anniversary of the death of Mar\u00eda Angustias Gim\u00e9nez Vera who founded the Congregation of the Sisters Hospitallers.<\/p>\n<p><!--more--><\/p>\n<p style=\"text-align: justify;\"><strong>Biography<\/strong><\/p>\n<p style=\"text-align: justify;\">Mar\u00eda Angustias Gim\u00e9nez was born in Granada on 21 August 1849 and was baptised in the parish of Los Santos Justo y Pastor, in the same city. In 1871 she met Mar\u00eda Josefa Recio and they began a great friendship. On 21 June 1880, the two of them left Granada going on their way to Ciempozuelos where they were received by Father Menni in a modest house. On 31 May 1881, she took the habit with the name of Sister Heart of Jesus, &#8211;<em>sor Coraz\u00f3n de Jes\u00fas-,<\/em> and that same day; along with 10 other young women was the beginning that would be the first Sisters Hospitaller. She made her perpetual profession in 1885. She died in San Baudilio de Llobregat (Barcelona) on 2 August 1897. Her remains secretly stayed in her family\u00b4s pantheon until 1983, when they were found by chance. Today, she rests in Ciempozuelos together with the remains of Saint Benito Menni and Mar\u00eda Josefa Recio.<\/p>\n<p style=\"text-align: justify;\"><strong>Human Traits<\/strong><\/p>\n<p style=\"text-align: justify;\">Mar\u00eda Angustias came from a middle-class family from Granada, she had a painstaking religious education and superior training to what the middle-class women had of her time. She suffered a heart ailment that would lead her to the grave whilst she was still young. She was a woman of boundless imagination, deeply affectionate and great spiritual sensitivity. From a letter from the Founding Father she extracted these words: <em>-pray, work, endure, suffer, love God and be quiet-<\/em>, that has been and is the first rule of the Congregation.<\/p>\n<p style=\"text-align: justify;\">She was the General Counsel in Ciempozuelos and for sometime, she was the trainer for the first community, also in Ciempozuelos. Limited by her delicate health, which prevented her from looking after the sick, Mar\u00eda Angustias lived in a brotherhood that formed the Union of Hearts &#8211;<em>uni\u00f3n de corazones,<\/em>&#8211; that were inspired by the Acts of the Apostles.<\/p>\n<p style=\"text-align: justify;\"><strong>Her Legacy<\/strong><\/p>\n<p style=\"text-align: justify;\">Mar\u00eda Angustias received an order by Father Menni to write the &#8220;Account About the Origins of the Congregration&#8221; <em>-Relaci\u00f3n sobre los Or\u00edgenes de la Congregaci\u00f3n-.<\/em> This work that was done, along with the correspondence of Father Menni, was the principal source to know the spirituality of the Congregation. The Account tells of a unitary experience, human, spiritual and charismatic, preserving a structure of progressive route, with the intention of being preserved as a memory for the Congregation.<\/p>\n<p style=\"text-align: justify;\">Mar\u00eda Angustias titled the Account: <em>&#8220;Simple Explanation of the Wonderful Work of our Nascent Foundation of Daughters of our Lady of the Sacred Heart of Jesus\u201d, -Sencilla explicaci\u00f3n de la maravillosa obra de nuestra naciente fundaci\u00f3n de Hijas de Nuestra Se\u00f1ora del Sagrado Coraz\u00f3n de Jes\u00fas-.<\/em> It aims to serve as a reminder of what God has done and by contemplating it, it inspires loyalty and gratitude.<\/p>\n<p style=\"text-align: justify;\"><strong>Intercession Prayer<\/strong><\/p>\n<p style=\"text-align: justify;\"><em>Lord Jesus, of whose heart comes from the charisma of the mercy in the service of the sick, that you yourself discovered your servant, Mar\u00eda Angustias Gim\u00e9nez Vera, giving her a constant desire to love you without limits and worship you for eternity.<\/em><\/p>\n<p style=\"text-align: justify;\"><em>Grant us now by her intersession, to experience her goodness in favour of&#8230; and so, whilst your salvation is at work in us, we glorify you, that you who with the Father and the Holy Spirit lives and reigns forever. Amen.<\/em><\/p>\n","protected":false},"excerpt":{"rendered":"<p>The following 2 August, will be the 117th anniversary of the death of Mar\u00eda Angustias Gim\u00e9nez Vera who founded the Congregation of the Sisters Hospitallers.<\/p>\n","protected":false},"author":1,"featured_media":49867,"comment_status":"closed","ping_status":"closed","sticky":false,"template":"","format":"standard","meta":{"_acf_changed":false,"footnotes":""},"categories":[588],"tags":[],"class_list":["post-65888","post","type-post","status-publish","format-standard","has-post-thumbnail","hentry","category-cat-news"],"acf":[],"yoast_head":"<!-- This site is optimized with the Yoast SEO plugin v27.4 - https:\/\/yoast.com\/product\/yoast-seo-wordpress\/ -->\n<title>Mar\u00eda Angustias Gim\u00e9nez Vera - Hermanas Hospitalarias<\/title>\n<meta name=\"robots\" content=\"index, follow, max-snippet:-1, max-image-preview:large, max-video-preview:-1\" \/>\n<link rel=\"canonical\" href=\"https:\/\/hospitalarias.org\/en\/maria-angustias-gimenez-vera\/\" \/>\n<meta property=\"og:locale\" content=\"en_US\" \/>\n<meta property=\"og:type\" content=\"article\" \/>\n<meta property=\"og:title\" content=\"Mar\u00eda Angustias Gim\u00e9nez Vera - Hermanas Hospitalarias\" \/>\n<meta property=\"og:description\" content=\"The following 2 August, will be the 117th anniversary of the death of Mar\u00eda Angustias Gim\u00e9nez Vera who founded the Congregation of the Sisters Hospitallers.\" \/>\n<meta property=\"og:url\" content=\"https:\/\/hospitalarias.org\/en\/maria-angustias-gimenez-vera\/\" \/>\n<meta property=\"og:site_name\" content=\"Hermanas Hospitalarias\" \/>\n<meta property=\"article:published_time\" content=\"2014-07-30T14:48:46+00:00\" \/>\n<meta name=\"author\" content=\"hospitalarias\" \/>\n<meta name=\"twitter:card\" content=\"summary_large_image\" \/>\n<meta name=\"twitter:label1\" content=\"Written by\" \/>\n\t<meta name=\"twitter:data1\" content=\"hospitalarias\" \/>\n\t<meta name=\"twitter:label2\" content=\"Est. reading time\" \/>\n\t<meta name=\"twitter:data2\" content=\"3 minutes\" \/>\n<script type=\"application\/ld+json\" class=\"yoast-schema-graph\">{\"@context\":\"https:\\\/\\\/schema.org\",\"@graph\":[{\"@type\":\"Article\",\"@id\":\"https:\\\/\\\/hospitalarias.org\\\/en\\\/maria-angustias-gimenez-vera\\\/#article\",\"isPartOf\":{\"@id\":\"https:\\\/\\\/hospitalarias.org\\\/en\\\/maria-angustias-gimenez-vera\\\/\"},\"author\":{\"name\":\"hospitalarias\",\"@id\":\"https:\\\/\\\/hospitalarias.org\\\/#\\\/schema\\\/person\\\/5e964e7aab6802d5c2da189de44b7365\"},\"headline\":\"Mar\u00eda Angustias Gim\u00e9nez Vera\",\"datePublished\":\"2014-07-30T14:48:46+00:00\",\"mainEntityOfPage\":{\"@id\":\"https:\\\/\\\/hospitalarias.org\\\/en\\\/maria-angustias-gimenez-vera\\\/\"},\"wordCount\":583,\"publisher\":{\"@id\":\"https:\\\/\\\/hospitalarias.org\\\/#organization\"},\"image\":{\"@id\":\"https:\\\/\\\/hospitalarias.org\\\/en\\\/maria-angustias-gimenez-vera\\\/#primaryimage\"},\"thumbnailUrl\":\"\",\"articleSection\":[\"News\"],\"inLanguage\":\"en-US\"},{\"@type\":\"WebPage\",\"@id\":\"https:\\\/\\\/hospitalarias.org\\\/en\\\/maria-angustias-gimenez-vera\\\/\",\"url\":\"https:\\\/\\\/hospitalarias.org\\\/en\\\/maria-angustias-gimenez-vera\\\/\",\"name\":\"Mar\u00eda Angustias Gim\u00e9nez Vera - Hermanas Hospitalarias\",\"isPartOf\":{\"@id\":\"https:\\\/\\\/hospitalarias.org\\\/#website\"},\"primaryImageOfPage\":{\"@id\":\"https:\\\/\\\/hospitalarias.org\\\/en\\\/maria-angustias-gimenez-vera\\\/#primaryimage\"},\"image\":{\"@id\":\"https:\\\/\\\/hospitalarias.org\\\/en\\\/maria-angustias-gimenez-vera\\\/#primaryimage\"},\"thumbnailUrl\":\"\",\"datePublished\":\"2014-07-30T14:48:46+00:00\",\"breadcrumb\":{\"@id\":\"https:\\\/\\\/hospitalarias.org\\\/en\\\/maria-angustias-gimenez-vera\\\/#breadcrumb\"},\"inLanguage\":\"en-US\",\"potentialAction\":[{\"@type\":\"ReadAction\",\"target\":[\"https:\\\/\\\/hospitalarias.org\\\/en\\\/maria-angustias-gimenez-vera\\\/\"]}]},{\"@type\":\"ImageObject\",\"inLanguage\":\"en-US\",\"@id\":\"https:\\\/\\\/hospitalarias.org\\\/en\\\/maria-angustias-gimenez-vera\\\/#primaryimage\",\"url\":\"\",\"contentUrl\":\"\"},{\"@type\":\"BreadcrumbList\",\"@id\":\"https:\\\/\\\/hospitalarias.org\\\/en\\\/maria-angustias-gimenez-vera\\\/#breadcrumb\",\"itemListElement\":[{\"@type\":\"ListItem\",\"position\":1,\"name\":\"Inicio\",\"item\":\"https:\\\/\\\/hospitalarias.org\\\/en\\\/\"},{\"@type\":\"ListItem\",\"position\":2,\"name\":\"Mar\u00eda Angustias Gim\u00e9nez Vera\"}]},{\"@type\":\"WebSite\",\"@id\":\"https:\\\/\\\/hospitalarias.org\\\/#website\",\"url\":\"https:\\\/\\\/hospitalarias.org\\\/\",\"name\":\"Hermanas Hospitalarias\",\"description\":\"\",\"publisher\":{\"@id\":\"https:\\\/\\\/hospitalarias.org\\\/#organization\"},\"potentialAction\":[{\"@type\":\"SearchAction\",\"target\":{\"@type\":\"EntryPoint\",\"urlTemplate\":\"https:\\\/\\\/hospitalarias.org\\\/?s={search_term_string}\"},\"query-input\":{\"@type\":\"PropertyValueSpecification\",\"valueRequired\":true,\"valueName\":\"search_term_string\"}}],\"inLanguage\":\"en-US\"},{\"@type\":\"Organization\",\"@id\":\"https:\\\/\\\/hospitalarias.org\\\/#organization\",\"name\":\"Hermanas Hospitalarias\",\"url\":\"https:\\\/\\\/hospitalarias.org\\\/\",\"logo\":{\"@type\":\"ImageObject\",\"inLanguage\":\"en-US\",\"@id\":\"https:\\\/\\\/hospitalarias.org\\\/#\\\/schema\\\/logo\\\/image\\\/\",\"url\":\"https:\\\/\\\/hospitalarias.org\\\/wp-content\\\/uploads\\\/2025\\\/06\\\/logo-es-1.svg\",\"contentUrl\":\"https:\\\/\\\/hospitalarias.org\\\/wp-content\\\/uploads\\\/2025\\\/06\\\/logo-es-1.svg\",\"caption\":\"Hermanas Hospitalarias\"},\"image\":{\"@id\":\"https:\\\/\\\/hospitalarias.org\\\/#\\\/schema\\\/logo\\\/image\\\/\"}},{\"@type\":\"Person\",\"@id\":\"https:\\\/\\\/hospitalarias.org\\\/#\\\/schema\\\/person\\\/5e964e7aab6802d5c2da189de44b7365\",\"name\":\"hospitalarias\",\"image\":{\"@type\":\"ImageObject\",\"inLanguage\":\"en-US\",\"@id\":\"https:\\\/\\\/secure.gravatar.com\\\/avatar\\\/333fbff3d623aede971942db698a9ce540a361f30762fe0f1e1315a63f88a856?s=96&d=mm&r=g\",\"url\":\"https:\\\/\\\/secure.gravatar.com\\\/avatar\\\/333fbff3d623aede971942db698a9ce540a361f30762fe0f1e1315a63f88a856?s=96&d=mm&r=g\",\"contentUrl\":\"https:\\\/\\\/secure.gravatar.com\\\/avatar\\\/333fbff3d623aede971942db698a9ce540a361f30762fe0f1e1315a63f88a856?s=96&d=mm&r=g\",\"caption\":\"hospitalarias\"},\"sameAs\":[\"https:\\\/\\\/hospitalarias.org\"],\"url\":\"https:\\\/\\\/hospitalarias.org\\\/en\\\/author\\\/hospitalarias\\\/\"}]}<\/script>\n<!-- \/ Yoast SEO plugin. -->","yoast_head_json":{"title":"Mar\u00eda Angustias Gim\u00e9nez Vera - Hermanas Hospitalarias","robots":{"index":"index","follow":"follow","max-snippet":"max-snippet:-1","max-image-preview":"max-image-preview:large","max-video-preview":"max-video-preview:-1"},"canonical":"https:\/\/hospitalarias.org\/en\/maria-angustias-gimenez-vera\/","og_locale":"en_US","og_type":"article","og_title":"Mar\u00eda Angustias Gim\u00e9nez Vera - Hermanas Hospitalarias","og_description":"The following 2 August, will be the 117th anniversary of the death of Mar\u00eda Angustias Gim\u00e9nez Vera who founded the Congregation of the Sisters Hospitallers.","og_url":"https:\/\/hospitalarias.org\/en\/maria-angustias-gimenez-vera\/","og_site_name":"Hermanas Hospitalarias","article_published_time":"2014-07-30T14:48:46+00:00","author":"hospitalarias","twitter_card":"summary_large_image","twitter_misc":{"Written by":"hospitalarias","Est. reading time":"3 minutes"},"schema":{"@context":"https:\/\/schema.org","@graph":[{"@type":"Article","@id":"https:\/\/hospitalarias.org\/en\/maria-angustias-gimenez-vera\/#article","isPartOf":{"@id":"https:\/\/hospitalarias.org\/en\/maria-angustias-gimenez-vera\/"},"author":{"name":"hospitalarias","@id":"https:\/\/hospitalarias.org\/#\/schema\/person\/5e964e7aab6802d5c2da189de44b7365"},"headline":"Mar\u00eda Angustias Gim\u00e9nez Vera","datePublished":"2014-07-30T14:48:46+00:00","mainEntityOfPage":{"@id":"https:\/\/hospitalarias.org\/en\/maria-angustias-gimenez-vera\/"},"wordCount":583,"publisher":{"@id":"https:\/\/hospitalarias.org\/#organization"},"image":{"@id":"https:\/\/hospitalarias.org\/en\/maria-angustias-gimenez-vera\/#primaryimage"},"thumbnailUrl":"","articleSection":["News"],"inLanguage":"en-US"},{"@type":"WebPage","@id":"https:\/\/hospitalarias.org\/en\/maria-angustias-gimenez-vera\/","url":"https:\/\/hospitalarias.org\/en\/maria-angustias-gimenez-vera\/","name":"Mar\u00eda Angustias Gim\u00e9nez Vera - Hermanas Hospitalarias","isPartOf":{"@id":"https:\/\/hospitalarias.org\/#website"},"primaryImageOfPage":{"@id":"https:\/\/hospitalarias.org\/en\/maria-angustias-gimenez-vera\/#primaryimage"},"image":{"@id":"https:\/\/hospitalarias.org\/en\/maria-angustias-gimenez-vera\/#primaryimage"},"thumbnailUrl":"","datePublished":"2014-07-30T14:48:46+00:00","breadcrumb":{"@id":"https:\/\/hospitalarias.org\/en\/maria-angustias-gimenez-vera\/#breadcrumb"},"inLanguage":"en-US","potentialAction":[{"@type":"ReadAction","target":["https:\/\/hospitalarias.org\/en\/maria-angustias-gimenez-vera\/"]}]},{"@type":"ImageObject","inLanguage":"en-US","@id":"https:\/\/hospitalarias.org\/en\/maria-angustias-gimenez-vera\/#primaryimage","url":"","contentUrl":""},{"@type":"BreadcrumbList","@id":"https:\/\/hospitalarias.org\/en\/maria-angustias-gimenez-vera\/#breadcrumb","itemListElement":[{"@type":"ListItem","position":1,"name":"Inicio","item":"https:\/\/hospitalarias.org\/en\/"},{"@type":"ListItem","position":2,"name":"Mar\u00eda Angustias Gim\u00e9nez Vera"}]},{"@type":"WebSite","@id":"https:\/\/hospitalarias.org\/#website","url":"https:\/\/hospitalarias.org\/","name":"Hermanas Hospitalarias","description":"","publisher":{"@id":"https:\/\/hospitalarias.org\/#organization"},"potentialAction":[{"@type":"SearchAction","target":{"@type":"EntryPoint","urlTemplate":"https:\/\/hospitalarias.org\/?s={search_term_string}"},"query-input":{"@type":"PropertyValueSpecification","valueRequired":true,"valueName":"search_term_string"}}],"inLanguage":"en-US"},{"@type":"Organization","@id":"https:\/\/hospitalarias.org\/#organization","name":"Hermanas Hospitalarias","url":"https:\/\/hospitalarias.org\/","logo":{"@type":"ImageObject","inLanguage":"en-US","@id":"https:\/\/hospitalarias.org\/#\/schema\/logo\/image\/","url":"https:\/\/hospitalarias.org\/wp-content\/uploads\/2025\/06\/logo-es-1.svg","contentUrl":"https:\/\/hospitalarias.org\/wp-content\/uploads\/2025\/06\/logo-es-1.svg","caption":"Hermanas Hospitalarias"},"image":{"@id":"https:\/\/hospitalarias.org\/#\/schema\/logo\/image\/"}},{"@type":"Person","@id":"https:\/\/hospitalarias.org\/#\/schema\/person\/5e964e7aab6802d5c2da189de44b7365","name":"hospitalarias","image":{"@type":"ImageObject","inLanguage":"en-US","@id":"https:\/\/secure.gravatar.com\/avatar\/333fbff3d623aede971942db698a9ce540a361f30762fe0f1e1315a63f88a856?s=96&d=mm&r=g","url":"https:\/\/secure.gravatar.com\/avatar\/333fbff3d623aede971942db698a9ce540a361f30762fe0f1e1315a63f88a856?s=96&d=mm&r=g","contentUrl":"https:\/\/secure.gravatar.com\/avatar\/333fbff3d623aede971942db698a9ce540a361f30762fe0f1e1315a63f88a856?s=96&d=mm&r=g","caption":"hospitalarias"},"sameAs":["https:\/\/hospitalarias.org"],"url":"https:\/\/hospitalarias.org\/en\/author\/hospitalarias\/"}]}},"_links":{"self":[{"href":"https:\/\/hospitalarias.org\/en\/wp-json\/wp\/v2\/posts\/65888","targetHints":{"allow":["GET"]}}],"collection":[{"href":"https:\/\/hospitalarias.org\/en\/wp-json\/wp\/v2\/posts"}],"about":[{"href":"https:\/\/hospitalarias.org\/en\/wp-json\/wp\/v2\/types\/post"}],"author":[{"embeddable":true,"href":"https:\/\/hospitalarias.org\/en\/wp-json\/wp\/v2\/users\/1"}],"replies":[{"embeddable":true,"href":"https:\/\/hospitalarias.org\/en\/wp-json\/wp\/v2\/comments?post=65888"}],"version-history":[{"count":0,"href":"https:\/\/hospitalarias.org\/en\/wp-json\/wp\/v2\/posts\/65888\/revisions"}],"wp:featuredmedia":[{"embeddable":true,"href":"https:\/\/hospitalarias.org\/en\/wp-json\/wp\/v2\/posts\/49867"}],"wp:attachment":[{"href":"https:\/\/hospitalarias.org\/en\/wp-json\/wp\/v2\/media?parent=65888"}],"wp:term":[{"taxonomy":"category","embeddable":true,"href":"https:\/\/hospitalarias.org\/en\/wp-json\/wp\/v2\/categories?post=65888"},{"taxonomy":"post_tag","embeddable":true,"href":"https:\/\/hospitalarias.org\/en\/wp-json\/wp\/v2\/tags?post=65888"}],"curies":[{"name":"wp","href":"https:\/\/api.w.org\/{rel}","templated":true}]}}