{"id":53301,"date":"2024-05-21T17:19:53","date_gmt":"2024-05-21T17:19:53","guid":{"rendered":"https:\/\/hospitalarias.org\/en\/?p=53301"},"modified":"2024-05-21T17:19:53","modified_gmt":"2024-05-21T17:19:53","slug":"sr-idilia-maria-moreira-g-carneiro-is-the-new-superior-general-of-the-hospitaller-sisters","status":"publish","type":"post","link":"https:\/\/hospitalarias.org\/en\/sr-idilia-maria-moreira-g-carneiro-is-the-new-superior-general-of-the-hospitaller-sisters\/","title":{"rendered":"Sr. Id\u00edlia Maria Moreira G. Carneiro is the new Superior General of the Hospitaller Sisters"},"content":{"rendered":"\n<h2 class=\"wp-block-heading\">It is with deep joy that we share with you this great news; Sr. Id\u00edlia Maria Moreira G. Carneiro has been elected as the new Superior General of our Congregation for the period 2024-30.<\/h2>\n\n\n\n<p>Sister Id\u00edlia Maria Moreira G. Carneiro was born in Mozambique in 1966 and joined the Congregation of the Sisters Hospitallers of the Sacred Heart of Jesus in 1984. She has a degree in Social Work from the Higher Institute of Social and Political Sciences in Lisbon. She has a Master&#8217;s Degree in Spirituality and Ethics in Health and a Postgraduate Degree in Human Resources Management.<\/p>\n\n\n\n<p>Her hospital experience has been mainly in the field of management and accompaniment of the hospital mission and in the animation of the Province and Communities. In addition, she has served as Managing Director of the Bom Jesus Health Centre in Braga, and as Provincial Vicar, coordinating the Province&#8217;s Centres and the Hospitaller Mission area.<\/p>\n\n\n\n<p><em>&#8220;The community of sisters, after a process of discernment, elected me as Superior General. And still with mixed feelings within me, I would like to thank you for your prayers, for your friendly presence throughout this time of the Chapter and, above all, for continuing to entrust to God this journey which, as a congregation, as a Hospitaller family, we are making&#8221;<\/em>, she said with emotion as she addressed her first words to the Hospitaller community.<\/p>\n\n\n\n<p><em>&#8220;We continue to count on your prayers so that the hospitality we carry within us grows and becomes a word of hope and a gesture of service to all the most fragile people, in particular those suffering from mental illness. Welcome and we count on you and on your prayer and dedication&#8221; <\/em>she added.<\/p>\n\n\n\n<p>With a loving dedication to the service of the mentally ill, Sr. Id\u00edlia develops her vocation to the full with the confidence that hospitality is a call from Jesus Himself to find His face in the face of the most needy and discarded of society.<\/p>\n\n\n\n\n\n\n\n<p class=\"has-text-align-center gutenslider-content-initial has-larger-font-size\">\u00a0<\/p>\n\n\n\n\n\n<p class=\"has-text-align-center gutenslider-content-initial has-larger-font-size\">\u00a0<\/p>\n\n\n\n\n\n<p class=\"has-text-align-center gutenslider-content-initial has-larger-font-size\">\u00a0<\/p>\n\n\n\n\n\n<p class=\"has-text-align-center gutenslider-content-initial has-larger-font-size\">\u00a0<\/p>\n\n\n\n\n\n<p class=\"has-text-align-center gutenslider-content-initial has-larger-font-size\">\u00a0<\/p>\n\n\n\n\n\n<p class=\"has-text-align-center gutenslider-content-initial has-larger-font-size\">\u00a0<\/p>\n\n\n\n\n\n<p class=\"has-text-align-center gutenslider-content-initial has-larger-font-size\">\u00a0<\/p>\n\n\n\n<p>On this occasion, we would also like to thank Sister Anabela for her 12 years of service to the Congregation and to the Hospitaller Family.<\/p>\n\n\n\n<p>A new stage begins for our Hospitaller Family, but always remembering and embracing the path that brought us to this moment. May our founders Saint Benedict Menni, the Venerable Mar\u00eda Josefa Recio and Mar\u00eda Angustias Gim\u00e9nez Vera intercede for our new superior, so that she may know how to abandon herself to God&#8217;s will, listen to his voice, clothed in Mercy, and know how to accompany us in our work, always in favour of suffering humanity.<\/p>\n\n\n\n<p>If you would like to know a little more about our new Superior, take a look at this interview we conducted with her before the General Chapter <a href=\"https:\/\/hospitalarias.org\/en\/testimony-of-sr-idilia\/\">https:\/\/hospitalarias.org\/en\/testimony-of-sr-idilia\/<\/a><\/p>\n","protected":false},"excerpt":{"rendered":"<p>It is with deep joy that we share with you this great news; Sr. Id\u00edlia Maria Moreira G. Carneiro has been elected as the new Superior General of our Congregation for the period 2024-30.<\/p>\n","protected":false},"author":1,"featured_media":53446,"comment_status":"closed","ping_status":"closed","sticky":false,"template":"","format":"standard","meta":{"_acf_changed":false,"footnotes":""},"categories":[588],"tags":[589,590,591,594,598,619],"class_list":["post-53301","post","type-post","status-publish","format-standard","has-post-thumbnail","hentry","category-cat-news","tag-hospitality","tag-hospitaller-mission","tag-sisters-hospitallers","tag-testimony","tag-vocation","tag-xxii-general-chapter"],"acf":[],"yoast_head":"<!-- This site is optimized with the Yoast SEO plugin v27.4 - https:\/\/yoast.com\/product\/yoast-seo-wordpress\/ -->\n<title>Sr. Id\u00edlia Maria Moreira G. Carneiro is the new Superior General of the Hospitaller Sisters - Hermanas Hospitalarias<\/title>\n<meta name=\"robots\" content=\"index, follow, max-snippet:-1, max-image-preview:large, max-video-preview:-1\" \/>\n<link rel=\"canonical\" href=\"https:\/\/hospitalarias.org\/en\/sr-idilia-maria-moreira-g-carneiro-is-the-new-superior-general-of-the-hospitaller-sisters\/\" \/>\n<meta property=\"og:locale\" content=\"en_US\" \/>\n<meta property=\"og:type\" content=\"article\" \/>\n<meta property=\"og:title\" content=\"Sr. Id\u00edlia Maria Moreira G. Carneiro is the new Superior General of the Hospitaller Sisters - Hermanas Hospitalarias\" \/>\n<meta property=\"og:description\" content=\"It is with deep joy that we share with you this great news; Sr. Id\u00edlia Maria Moreira G. Carneiro has been elected as the new Superior General of our Congregation for the period 2024-30.\" \/>\n<meta property=\"og:url\" content=\"https:\/\/hospitalarias.org\/en\/sr-idilia-maria-moreira-g-carneiro-is-the-new-superior-general-of-the-hospitaller-sisters\/\" \/>\n<meta property=\"og:site_name\" content=\"Hermanas Hospitalarias\" \/>\n<meta property=\"article:published_time\" content=\"2024-05-21T17:19:53+00:00\" \/>\n<meta name=\"author\" content=\"hospitalarias\" \/>\n<meta name=\"twitter:card\" content=\"summary_large_image\" \/>\n<meta name=\"twitter:label1\" content=\"Written by\" \/>\n\t<meta name=\"twitter:data1\" content=\"hospitalarias\" \/>\n\t<meta name=\"twitter:label2\" content=\"Est. reading time\" \/>\n\t<meta name=\"twitter:data2\" content=\"2 minutes\" \/>\n<script type=\"application\/ld+json\" class=\"yoast-schema-graph\">{\"@context\":\"https:\\\/\\\/schema.org\",\"@graph\":[{\"@type\":\"Article\",\"@id\":\"https:\\\/\\\/hospitalarias.org\\\/en\\\/sr-idilia-maria-moreira-g-carneiro-is-the-new-superior-general-of-the-hospitaller-sisters\\\/#article\",\"isPartOf\":{\"@id\":\"https:\\\/\\\/hospitalarias.org\\\/en\\\/sr-idilia-maria-moreira-g-carneiro-is-the-new-superior-general-of-the-hospitaller-sisters\\\/\"},\"author\":{\"name\":\"hospitalarias\",\"@id\":\"https:\\\/\\\/hospitalarias.org\\\/#\\\/schema\\\/person\\\/5e964e7aab6802d5c2da189de44b7365\"},\"headline\":\"Sr. Id\u00edlia Maria Moreira G. Carneiro is the new Superior General of the Hospitaller Sisters\",\"datePublished\":\"2024-05-21T17:19:53+00:00\",\"mainEntityOfPage\":{\"@id\":\"https:\\\/\\\/hospitalarias.org\\\/en\\\/sr-idilia-maria-moreira-g-carneiro-is-the-new-superior-general-of-the-hospitaller-sisters\\\/\"},\"wordCount\":484,\"publisher\":{\"@id\":\"https:\\\/\\\/hospitalarias.org\\\/#organization\"},\"image\":{\"@id\":\"https:\\\/\\\/hospitalarias.org\\\/en\\\/sr-idilia-maria-moreira-g-carneiro-is-the-new-superior-general-of-the-hospitaller-sisters\\\/#primaryimage\"},\"thumbnailUrl\":\"\",\"keywords\":[\"Hospitality\",\"Hospitaller Mission\",\"Sisters Hospitallers\",\"Testimony\",\"Vocation\",\"XXII General Chapter\"],\"articleSection\":[\"News\"],\"inLanguage\":\"en-US\"},{\"@type\":\"WebPage\",\"@id\":\"https:\\\/\\\/hospitalarias.org\\\/en\\\/sr-idilia-maria-moreira-g-carneiro-is-the-new-superior-general-of-the-hospitaller-sisters\\\/\",\"url\":\"https:\\\/\\\/hospitalarias.org\\\/en\\\/sr-idilia-maria-moreira-g-carneiro-is-the-new-superior-general-of-the-hospitaller-sisters\\\/\",\"name\":\"Sr. Id\u00edlia Maria Moreira G. Carneiro is the new Superior General of the Hospitaller Sisters - Hermanas Hospitalarias\",\"isPartOf\":{\"@id\":\"https:\\\/\\\/hospitalarias.org\\\/#website\"},\"primaryImageOfPage\":{\"@id\":\"https:\\\/\\\/hospitalarias.org\\\/en\\\/sr-idilia-maria-moreira-g-carneiro-is-the-new-superior-general-of-the-hospitaller-sisters\\\/#primaryimage\"},\"image\":{\"@id\":\"https:\\\/\\\/hospitalarias.org\\\/en\\\/sr-idilia-maria-moreira-g-carneiro-is-the-new-superior-general-of-the-hospitaller-sisters\\\/#primaryimage\"},\"thumbnailUrl\":\"\",\"datePublished\":\"2024-05-21T17:19:53+00:00\",\"breadcrumb\":{\"@id\":\"https:\\\/\\\/hospitalarias.org\\\/en\\\/sr-idilia-maria-moreira-g-carneiro-is-the-new-superior-general-of-the-hospitaller-sisters\\\/#breadcrumb\"},\"inLanguage\":\"en-US\",\"potentialAction\":[{\"@type\":\"ReadAction\",\"target\":[\"https:\\\/\\\/hospitalarias.org\\\/en\\\/sr-idilia-maria-moreira-g-carneiro-is-the-new-superior-general-of-the-hospitaller-sisters\\\/\"]}]},{\"@type\":\"ImageObject\",\"inLanguage\":\"en-US\",\"@id\":\"https:\\\/\\\/hospitalarias.org\\\/en\\\/sr-idilia-maria-moreira-g-carneiro-is-the-new-superior-general-of-the-hospitaller-sisters\\\/#primaryimage\",\"url\":\"\",\"contentUrl\":\"\"},{\"@type\":\"BreadcrumbList\",\"@id\":\"https:\\\/\\\/hospitalarias.org\\\/en\\\/sr-idilia-maria-moreira-g-carneiro-is-the-new-superior-general-of-the-hospitaller-sisters\\\/#breadcrumb\",\"itemListElement\":[{\"@type\":\"ListItem\",\"position\":1,\"name\":\"Inicio\",\"item\":\"https:\\\/\\\/hospitalarias.org\\\/\"},{\"@type\":\"ListItem\",\"position\":2,\"name\":\"Sr. Id\u00edlia Maria Moreira G. Carneiro is the new Superior General of the Hospitaller Sisters\"}]},{\"@type\":\"WebSite\",\"@id\":\"https:\\\/\\\/hospitalarias.org\\\/#website\",\"url\":\"https:\\\/\\\/hospitalarias.org\\\/\",\"name\":\"Hermanas Hospitalarias\",\"description\":\"\",\"publisher\":{\"@id\":\"https:\\\/\\\/hospitalarias.org\\\/#organization\"},\"potentialAction\":[{\"@type\":\"SearchAction\",\"target\":{\"@type\":\"EntryPoint\",\"urlTemplate\":\"https:\\\/\\\/hospitalarias.org\\\/?s={search_term_string}\"},\"query-input\":{\"@type\":\"PropertyValueSpecification\",\"valueRequired\":true,\"valueName\":\"search_term_string\"}}],\"inLanguage\":\"en-US\"},{\"@type\":\"Organization\",\"@id\":\"https:\\\/\\\/hospitalarias.org\\\/#organization\",\"name\":\"Hermanas Hospitalarias\",\"url\":\"https:\\\/\\\/hospitalarias.org\\\/\",\"logo\":{\"@type\":\"ImageObject\",\"inLanguage\":\"en-US\",\"@id\":\"https:\\\/\\\/hospitalarias.org\\\/#\\\/schema\\\/logo\\\/image\\\/\",\"url\":\"https:\\\/\\\/hospitalarias.org\\\/wp-content\\\/uploads\\\/2025\\\/06\\\/logo-es-1.svg\",\"contentUrl\":\"https:\\\/\\\/hospitalarias.org\\\/wp-content\\\/uploads\\\/2025\\\/06\\\/logo-es-1.svg\",\"caption\":\"Hermanas Hospitalarias\"},\"image\":{\"@id\":\"https:\\\/\\\/hospitalarias.org\\\/#\\\/schema\\\/logo\\\/image\\\/\"}},{\"@type\":\"Person\",\"@id\":\"https:\\\/\\\/hospitalarias.org\\\/#\\\/schema\\\/person\\\/5e964e7aab6802d5c2da189de44b7365\",\"name\":\"hospitalarias\",\"image\":{\"@type\":\"ImageObject\",\"inLanguage\":\"en-US\",\"@id\":\"https:\\\/\\\/secure.gravatar.com\\\/avatar\\\/333fbff3d623aede971942db698a9ce540a361f30762fe0f1e1315a63f88a856?s=96&d=mm&r=g\",\"url\":\"https:\\\/\\\/secure.gravatar.com\\\/avatar\\\/333fbff3d623aede971942db698a9ce540a361f30762fe0f1e1315a63f88a856?s=96&d=mm&r=g\",\"contentUrl\":\"https:\\\/\\\/secure.gravatar.com\\\/avatar\\\/333fbff3d623aede971942db698a9ce540a361f30762fe0f1e1315a63f88a856?s=96&d=mm&r=g\",\"caption\":\"hospitalarias\"},\"sameAs\":[\"https:\\\/\\\/hospitalarias.org\"],\"url\":\"https:\\\/\\\/hospitalarias.org\\\/en\\\/author\\\/hospitalarias\\\/\"}]}<\/script>\n<!-- \/ Yoast SEO plugin. -->","yoast_head_json":{"title":"Sr. Id\u00edlia Maria Moreira G. Carneiro is the new Superior General of the Hospitaller Sisters - Hermanas Hospitalarias","robots":{"index":"index","follow":"follow","max-snippet":"max-snippet:-1","max-image-preview":"max-image-preview:large","max-video-preview":"max-video-preview:-1"},"canonical":"https:\/\/hospitalarias.org\/en\/sr-idilia-maria-moreira-g-carneiro-is-the-new-superior-general-of-the-hospitaller-sisters\/","og_locale":"en_US","og_type":"article","og_title":"Sr. Id\u00edlia Maria Moreira G. Carneiro is the new Superior General of the Hospitaller Sisters - Hermanas Hospitalarias","og_description":"It is with deep joy that we share with you this great news; Sr. Id\u00edlia Maria Moreira G. Carneiro has been elected as the new Superior General of our Congregation for the period 2024-30.","og_url":"https:\/\/hospitalarias.org\/en\/sr-idilia-maria-moreira-g-carneiro-is-the-new-superior-general-of-the-hospitaller-sisters\/","og_site_name":"Hermanas Hospitalarias","article_published_time":"2024-05-21T17:19:53+00:00","author":"hospitalarias","twitter_card":"summary_large_image","twitter_misc":{"Written by":"hospitalarias","Est. reading time":"2 minutes"},"schema":{"@context":"https:\/\/schema.org","@graph":[{"@type":"Article","@id":"https:\/\/hospitalarias.org\/en\/sr-idilia-maria-moreira-g-carneiro-is-the-new-superior-general-of-the-hospitaller-sisters\/#article","isPartOf":{"@id":"https:\/\/hospitalarias.org\/en\/sr-idilia-maria-moreira-g-carneiro-is-the-new-superior-general-of-the-hospitaller-sisters\/"},"author":{"name":"hospitalarias","@id":"https:\/\/hospitalarias.org\/#\/schema\/person\/5e964e7aab6802d5c2da189de44b7365"},"headline":"Sr. Id\u00edlia Maria Moreira G. Carneiro is the new Superior General of the Hospitaller Sisters","datePublished":"2024-05-21T17:19:53+00:00","mainEntityOfPage":{"@id":"https:\/\/hospitalarias.org\/en\/sr-idilia-maria-moreira-g-carneiro-is-the-new-superior-general-of-the-hospitaller-sisters\/"},"wordCount":484,"publisher":{"@id":"https:\/\/hospitalarias.org\/#organization"},"image":{"@id":"https:\/\/hospitalarias.org\/en\/sr-idilia-maria-moreira-g-carneiro-is-the-new-superior-general-of-the-hospitaller-sisters\/#primaryimage"},"thumbnailUrl":"","keywords":["Hospitality","Hospitaller Mission","Sisters Hospitallers","Testimony","Vocation","XXII General Chapter"],"articleSection":["News"],"inLanguage":"en-US"},{"@type":"WebPage","@id":"https:\/\/hospitalarias.org\/en\/sr-idilia-maria-moreira-g-carneiro-is-the-new-superior-general-of-the-hospitaller-sisters\/","url":"https:\/\/hospitalarias.org\/en\/sr-idilia-maria-moreira-g-carneiro-is-the-new-superior-general-of-the-hospitaller-sisters\/","name":"Sr. Id\u00edlia Maria Moreira G. Carneiro is the new Superior General of the Hospitaller Sisters - Hermanas Hospitalarias","isPartOf":{"@id":"https:\/\/hospitalarias.org\/#website"},"primaryImageOfPage":{"@id":"https:\/\/hospitalarias.org\/en\/sr-idilia-maria-moreira-g-carneiro-is-the-new-superior-general-of-the-hospitaller-sisters\/#primaryimage"},"image":{"@id":"https:\/\/hospitalarias.org\/en\/sr-idilia-maria-moreira-g-carneiro-is-the-new-superior-general-of-the-hospitaller-sisters\/#primaryimage"},"thumbnailUrl":"","datePublished":"2024-05-21T17:19:53+00:00","breadcrumb":{"@id":"https:\/\/hospitalarias.org\/en\/sr-idilia-maria-moreira-g-carneiro-is-the-new-superior-general-of-the-hospitaller-sisters\/#breadcrumb"},"inLanguage":"en-US","potentialAction":[{"@type":"ReadAction","target":["https:\/\/hospitalarias.org\/en\/sr-idilia-maria-moreira-g-carneiro-is-the-new-superior-general-of-the-hospitaller-sisters\/"]}]},{"@type":"ImageObject","inLanguage":"en-US","@id":"https:\/\/hospitalarias.org\/en\/sr-idilia-maria-moreira-g-carneiro-is-the-new-superior-general-of-the-hospitaller-sisters\/#primaryimage","url":"","contentUrl":""},{"@type":"BreadcrumbList","@id":"https:\/\/hospitalarias.org\/en\/sr-idilia-maria-moreira-g-carneiro-is-the-new-superior-general-of-the-hospitaller-sisters\/#breadcrumb","itemListElement":[{"@type":"ListItem","position":1,"name":"Inicio","item":"https:\/\/hospitalarias.org\/"},{"@type":"ListItem","position":2,"name":"Sr. Id\u00edlia Maria Moreira G. Carneiro is the new Superior General of the Hospitaller Sisters"}]},{"@type":"WebSite","@id":"https:\/\/hospitalarias.org\/#website","url":"https:\/\/hospitalarias.org\/","name":"Hermanas Hospitalarias","description":"","publisher":{"@id":"https:\/\/hospitalarias.org\/#organization"},"potentialAction":[{"@type":"SearchAction","target":{"@type":"EntryPoint","urlTemplate":"https:\/\/hospitalarias.org\/?s={search_term_string}"},"query-input":{"@type":"PropertyValueSpecification","valueRequired":true,"valueName":"search_term_string"}}],"inLanguage":"en-US"},{"@type":"Organization","@id":"https:\/\/hospitalarias.org\/#organization","name":"Hermanas Hospitalarias","url":"https:\/\/hospitalarias.org\/","logo":{"@type":"ImageObject","inLanguage":"en-US","@id":"https:\/\/hospitalarias.org\/#\/schema\/logo\/image\/","url":"https:\/\/hospitalarias.org\/wp-content\/uploads\/2025\/06\/logo-es-1.svg","contentUrl":"https:\/\/hospitalarias.org\/wp-content\/uploads\/2025\/06\/logo-es-1.svg","caption":"Hermanas Hospitalarias"},"image":{"@id":"https:\/\/hospitalarias.org\/#\/schema\/logo\/image\/"}},{"@type":"Person","@id":"https:\/\/hospitalarias.org\/#\/schema\/person\/5e964e7aab6802d5c2da189de44b7365","name":"hospitalarias","image":{"@type":"ImageObject","inLanguage":"en-US","@id":"https:\/\/secure.gravatar.com\/avatar\/333fbff3d623aede971942db698a9ce540a361f30762fe0f1e1315a63f88a856?s=96&d=mm&r=g","url":"https:\/\/secure.gravatar.com\/avatar\/333fbff3d623aede971942db698a9ce540a361f30762fe0f1e1315a63f88a856?s=96&d=mm&r=g","contentUrl":"https:\/\/secure.gravatar.com\/avatar\/333fbff3d623aede971942db698a9ce540a361f30762fe0f1e1315a63f88a856?s=96&d=mm&r=g","caption":"hospitalarias"},"sameAs":["https:\/\/hospitalarias.org"],"url":"https:\/\/hospitalarias.org\/en\/author\/hospitalarias\/"}]}},"_links":{"self":[{"href":"https:\/\/hospitalarias.org\/en\/wp-json\/wp\/v2\/posts\/53301","targetHints":{"allow":["GET"]}}],"collection":[{"href":"https:\/\/hospitalarias.org\/en\/wp-json\/wp\/v2\/posts"}],"about":[{"href":"https:\/\/hospitalarias.org\/en\/wp-json\/wp\/v2\/types\/post"}],"author":[{"embeddable":true,"href":"https:\/\/hospitalarias.org\/en\/wp-json\/wp\/v2\/users\/1"}],"replies":[{"embeddable":true,"href":"https:\/\/hospitalarias.org\/en\/wp-json\/wp\/v2\/comments?post=53301"}],"version-history":[{"count":0,"href":"https:\/\/hospitalarias.org\/en\/wp-json\/wp\/v2\/posts\/53301\/revisions"}],"wp:featuredmedia":[{"embeddable":true,"href":"https:\/\/hospitalarias.org\/en\/wp-json\/"}],"wp:attachment":[{"href":"https:\/\/hospitalarias.org\/en\/wp-json\/wp\/v2\/media?parent=53301"}],"wp:term":[{"taxonomy":"category","embeddable":true,"href":"https:\/\/hospitalarias.org\/en\/wp-json\/wp\/v2\/categories?post=53301"},{"taxonomy":"post_tag","embeddable":true,"href":"https:\/\/hospitalarias.org\/en\/wp-json\/wp\/v2\/tags?post=53301"}],"curies":[{"name":"wp","href":"https:\/\/api.w.org\/{rel}","templated":true}]}}