{"id":51601,"date":"2020-11-27T08:00:00","date_gmt":"2020-11-27T08:00:00","guid":{"rendered":"https:\/\/www.hospitalarias.org\/en\/?p=51601"},"modified":"2020-11-27T08:00:00","modified_gmt":"2020-11-27T08:00:00","slug":"direct-on-instagram-for-the-international-day-of-disability","status":"publish","type":"post","link":"https:\/\/hospitalarias.org\/en\/direct-on-instagram-for-the-international-day-of-disability\/","title":{"rendered":"Direct on Instagram for the International Day of People with Disability"},"content":{"rendered":"\n<h4 class=\"wp-block-heading\">International Day of Persons with Disabilities<\/h4>\n\n\n\n<p>On December 3rd we celebrate, one more year, the International Day of People with Disabilities. At <a rel=\"noreferrer noopener\" aria-label=\"Sister Hospitalers (se abre en una nueva pesta\u00f1a)\" href=\"https:\/\/www.hospitalarias.org\/en\/\" target=\"_blank\">Sister Hospitallers<\/a>, we join the world motto established by the OMS \u201cOne day for all\u201d, since we consider that it is aligned with the work that our institution carries out around the world, in this area.<\/p>\n\n\n\n<p><strong> With this motto we want to reflect the growing acceptance that disability is part of the human condition.<\/strong> Almost all of us will experience a temporary or permanent disability at some point in our lives. Despite this, few countries have adequate provisions to fully meet the needs of people with disabilities. <\/p>\n\n\n\n<h4 class=\"wp-block-heading\">Direct on Instagram with Inmaculada Garrido<\/h4>\n\n\n\n<p>From the General Service of Communication of Sisters Hospitallers we have created a <strong>weekly campaign, on the occasion of this International Day of People with Disabilities<\/strong>.<\/p>\n\n\n\n<p>It is a series of actions that we will share in our corporate RRSS throughout the days; and <strong>that we will end with a direct on Instagram, the same day, December 3.<\/strong><\/p>\n\n\n\n<p> For this direct, the guest will be Inmaculada Garrido, director of our special education school, of <a rel=\"noreferrer noopener\" aria-label=\"the Pur\u00edsima Concepci\u00f3n Foundatio (se abre en una nueva pesta\u00f1a)\" href=\"https:\/\/fpurisimaconcepcion.org\/\" target=\"_blank\">the Pur\u00edsima Concepci\u00f3n Foundatio<\/a>n, located in Granada (Spain). <\/p>\n\n\n\n<p>The initiative will take place at <strong>3:30 p.m. (Spanish time)<\/strong>; and it will talk about the capacities of people with functional diversity, as well as the care and educational work that our Institution does in this area.<\/p>\n\n\n\n<h3 class=\"wp-block-heading\">To connect, enter your Instagram account and access the direct @hermanashospitalariasinter<\/h3>\n\n\n\n<p>YOU CANNOT MISS IT, WE WAIT FOR YOU!<\/p>\n","protected":false},"excerpt":{"rendered":"<p>International Day of Persons with Disabilities On December 3rd we celebrate, one more year, the International Day of People with Disabilities. At Sister Hospitallers, we join the world motto established by the OMS \u201cOne day for all\u201d, since we consider that it is aligned with the work that our institution carries out around the world, [&hellip;]<\/p>\n","protected":false},"author":1,"featured_media":51604,"comment_status":"open","ping_status":"open","sticky":false,"template":"","format":"standard","meta":{"_acf_changed":false,"footnotes":""},"categories":[588],"tags":[],"class_list":["post-51601","post","type-post","status-publish","format-standard","has-post-thumbnail","hentry","category-cat-news"],"acf":[],"yoast_head":"<!-- This site is optimized with the Yoast SEO plugin v27.4 - https:\/\/yoast.com\/product\/yoast-seo-wordpress\/ -->\n<title>Direct on Instagram for the International Day of People with Disability - Hermanas Hospitalarias<\/title>\n<meta name=\"robots\" content=\"index, follow, max-snippet:-1, max-image-preview:large, max-video-preview:-1\" \/>\n<link rel=\"canonical\" href=\"https:\/\/hospitalarias.org\/en\/direct-on-instagram-for-the-international-day-of-disability\/\" \/>\n<meta property=\"og:locale\" content=\"en_US\" \/>\n<meta property=\"og:type\" content=\"article\" \/>\n<meta property=\"og:title\" content=\"Direct on Instagram for the International Day of People with Disability - Hermanas Hospitalarias\" \/>\n<meta property=\"og:description\" content=\"International Day of Persons with Disabilities On December 3rd we celebrate, one more year, the International Day of People with Disabilities. At Sister Hospitallers, we join the world motto established by the OMS \u201cOne day for all\u201d, since we consider that it is aligned with the work that our institution carries out around the world, [&hellip;]\" \/>\n<meta property=\"og:url\" content=\"https:\/\/hospitalarias.org\/en\/direct-on-instagram-for-the-international-day-of-disability\/\" \/>\n<meta property=\"og:site_name\" content=\"Hermanas Hospitalarias\" \/>\n<meta property=\"article:published_time\" content=\"2020-11-27T08:00:00+00:00\" \/>\n<meta name=\"author\" content=\"hospitalarias\" \/>\n<meta name=\"twitter:card\" content=\"summary_large_image\" \/>\n<meta name=\"twitter:label1\" content=\"Written by\" \/>\n\t<meta name=\"twitter:data1\" content=\"hospitalarias\" \/>\n\t<meta name=\"twitter:label2\" content=\"Est. reading time\" \/>\n\t<meta name=\"twitter:data2\" content=\"1 minute\" \/>\n<script type=\"application\/ld+json\" class=\"yoast-schema-graph\">{\"@context\":\"https:\\\/\\\/schema.org\",\"@graph\":[{\"@type\":\"Article\",\"@id\":\"https:\\\/\\\/hospitalarias.org\\\/en\\\/direct-on-instagram-for-the-international-day-of-disability\\\/#article\",\"isPartOf\":{\"@id\":\"https:\\\/\\\/hospitalarias.org\\\/en\\\/direct-on-instagram-for-the-international-day-of-disability\\\/\"},\"author\":{\"name\":\"hospitalarias\",\"@id\":\"https:\\\/\\\/hospitalarias.org\\\/#\\\/schema\\\/person\\\/5e964e7aab6802d5c2da189de44b7365\"},\"headline\":\"Direct on Instagram for the International Day of People with Disability\",\"datePublished\":\"2020-11-27T08:00:00+00:00\",\"mainEntityOfPage\":{\"@id\":\"https:\\\/\\\/hospitalarias.org\\\/en\\\/direct-on-instagram-for-the-international-day-of-disability\\\/\"},\"wordCount\":265,\"commentCount\":0,\"publisher\":{\"@id\":\"https:\\\/\\\/hospitalarias.org\\\/#organization\"},\"image\":{\"@id\":\"https:\\\/\\\/hospitalarias.org\\\/en\\\/direct-on-instagram-for-the-international-day-of-disability\\\/#primaryimage\"},\"thumbnailUrl\":\"\",\"articleSection\":[\"News\"],\"inLanguage\":\"en-US\"},{\"@type\":\"WebPage\",\"@id\":\"https:\\\/\\\/hospitalarias.org\\\/en\\\/direct-on-instagram-for-the-international-day-of-disability\\\/\",\"url\":\"https:\\\/\\\/hospitalarias.org\\\/en\\\/direct-on-instagram-for-the-international-day-of-disability\\\/\",\"name\":\"Direct on Instagram for the International Day of People with Disability - Hermanas Hospitalarias\",\"isPartOf\":{\"@id\":\"https:\\\/\\\/hospitalarias.org\\\/#website\"},\"primaryImageOfPage\":{\"@id\":\"https:\\\/\\\/hospitalarias.org\\\/en\\\/direct-on-instagram-for-the-international-day-of-disability\\\/#primaryimage\"},\"image\":{\"@id\":\"https:\\\/\\\/hospitalarias.org\\\/en\\\/direct-on-instagram-for-the-international-day-of-disability\\\/#primaryimage\"},\"thumbnailUrl\":\"\",\"datePublished\":\"2020-11-27T08:00:00+00:00\",\"breadcrumb\":{\"@id\":\"https:\\\/\\\/hospitalarias.org\\\/en\\\/direct-on-instagram-for-the-international-day-of-disability\\\/#breadcrumb\"},\"inLanguage\":\"en-US\",\"potentialAction\":[{\"@type\":\"ReadAction\",\"target\":[\"https:\\\/\\\/hospitalarias.org\\\/en\\\/direct-on-instagram-for-the-international-day-of-disability\\\/\"]}]},{\"@type\":\"ImageObject\",\"inLanguage\":\"en-US\",\"@id\":\"https:\\\/\\\/hospitalarias.org\\\/en\\\/direct-on-instagram-for-the-international-day-of-disability\\\/#primaryimage\",\"url\":\"\",\"contentUrl\":\"\"},{\"@type\":\"BreadcrumbList\",\"@id\":\"https:\\\/\\\/hospitalarias.org\\\/en\\\/direct-on-instagram-for-the-international-day-of-disability\\\/#breadcrumb\",\"itemListElement\":[{\"@type\":\"ListItem\",\"position\":1,\"name\":\"Inicio\",\"item\":\"https:\\\/\\\/hospitalarias.org\\\/\"},{\"@type\":\"ListItem\",\"position\":2,\"name\":\"Direct on Instagram for the International Day of People with Disability\"}]},{\"@type\":\"WebSite\",\"@id\":\"https:\\\/\\\/hospitalarias.org\\\/#website\",\"url\":\"https:\\\/\\\/hospitalarias.org\\\/\",\"name\":\"Hermanas Hospitalarias\",\"description\":\"\",\"publisher\":{\"@id\":\"https:\\\/\\\/hospitalarias.org\\\/#organization\"},\"potentialAction\":[{\"@type\":\"SearchAction\",\"target\":{\"@type\":\"EntryPoint\",\"urlTemplate\":\"https:\\\/\\\/hospitalarias.org\\\/?s={search_term_string}\"},\"query-input\":{\"@type\":\"PropertyValueSpecification\",\"valueRequired\":true,\"valueName\":\"search_term_string\"}}],\"inLanguage\":\"en-US\"},{\"@type\":\"Organization\",\"@id\":\"https:\\\/\\\/hospitalarias.org\\\/#organization\",\"name\":\"Hermanas Hospitalarias\",\"url\":\"https:\\\/\\\/hospitalarias.org\\\/\",\"logo\":{\"@type\":\"ImageObject\",\"inLanguage\":\"en-US\",\"@id\":\"https:\\\/\\\/hospitalarias.org\\\/#\\\/schema\\\/logo\\\/image\\\/\",\"url\":\"https:\\\/\\\/hospitalarias.org\\\/wp-content\\\/uploads\\\/2025\\\/06\\\/logo-es-1.svg\",\"contentUrl\":\"https:\\\/\\\/hospitalarias.org\\\/wp-content\\\/uploads\\\/2025\\\/06\\\/logo-es-1.svg\",\"caption\":\"Hermanas Hospitalarias\"},\"image\":{\"@id\":\"https:\\\/\\\/hospitalarias.org\\\/#\\\/schema\\\/logo\\\/image\\\/\"}},{\"@type\":\"Person\",\"@id\":\"https:\\\/\\\/hospitalarias.org\\\/#\\\/schema\\\/person\\\/5e964e7aab6802d5c2da189de44b7365\",\"name\":\"hospitalarias\",\"image\":{\"@type\":\"ImageObject\",\"inLanguage\":\"en-US\",\"@id\":\"https:\\\/\\\/secure.gravatar.com\\\/avatar\\\/333fbff3d623aede971942db698a9ce540a361f30762fe0f1e1315a63f88a856?s=96&d=mm&r=g\",\"url\":\"https:\\\/\\\/secure.gravatar.com\\\/avatar\\\/333fbff3d623aede971942db698a9ce540a361f30762fe0f1e1315a63f88a856?s=96&d=mm&r=g\",\"contentUrl\":\"https:\\\/\\\/secure.gravatar.com\\\/avatar\\\/333fbff3d623aede971942db698a9ce540a361f30762fe0f1e1315a63f88a856?s=96&d=mm&r=g\",\"caption\":\"hospitalarias\"},\"sameAs\":[\"https:\\\/\\\/hospitalarias.org\"],\"url\":\"https:\\\/\\\/hospitalarias.org\\\/en\\\/author\\\/hospitalarias\\\/\"}]}<\/script>\n<!-- \/ Yoast SEO plugin. -->","yoast_head_json":{"title":"Direct on Instagram for the International Day of People with Disability - Hermanas Hospitalarias","robots":{"index":"index","follow":"follow","max-snippet":"max-snippet:-1","max-image-preview":"max-image-preview:large","max-video-preview":"max-video-preview:-1"},"canonical":"https:\/\/hospitalarias.org\/en\/direct-on-instagram-for-the-international-day-of-disability\/","og_locale":"en_US","og_type":"article","og_title":"Direct on Instagram for the International Day of People with Disability - Hermanas Hospitalarias","og_description":"International Day of Persons with Disabilities On December 3rd we celebrate, one more year, the International Day of People with Disabilities. At Sister Hospitallers, we join the world motto established by the OMS \u201cOne day for all\u201d, since we consider that it is aligned with the work that our institution carries out around the world, [&hellip;]","og_url":"https:\/\/hospitalarias.org\/en\/direct-on-instagram-for-the-international-day-of-disability\/","og_site_name":"Hermanas Hospitalarias","article_published_time":"2020-11-27T08:00:00+00:00","author":"hospitalarias","twitter_card":"summary_large_image","twitter_misc":{"Written by":"hospitalarias","Est. reading time":"1 minute"},"schema":{"@context":"https:\/\/schema.org","@graph":[{"@type":"Article","@id":"https:\/\/hospitalarias.org\/en\/direct-on-instagram-for-the-international-day-of-disability\/#article","isPartOf":{"@id":"https:\/\/hospitalarias.org\/en\/direct-on-instagram-for-the-international-day-of-disability\/"},"author":{"name":"hospitalarias","@id":"https:\/\/hospitalarias.org\/#\/schema\/person\/5e964e7aab6802d5c2da189de44b7365"},"headline":"Direct on Instagram for the International Day of People with Disability","datePublished":"2020-11-27T08:00:00+00:00","mainEntityOfPage":{"@id":"https:\/\/hospitalarias.org\/en\/direct-on-instagram-for-the-international-day-of-disability\/"},"wordCount":265,"commentCount":0,"publisher":{"@id":"https:\/\/hospitalarias.org\/#organization"},"image":{"@id":"https:\/\/hospitalarias.org\/en\/direct-on-instagram-for-the-international-day-of-disability\/#primaryimage"},"thumbnailUrl":"","articleSection":["News"],"inLanguage":"en-US"},{"@type":"WebPage","@id":"https:\/\/hospitalarias.org\/en\/direct-on-instagram-for-the-international-day-of-disability\/","url":"https:\/\/hospitalarias.org\/en\/direct-on-instagram-for-the-international-day-of-disability\/","name":"Direct on Instagram for the International Day of People with Disability - Hermanas Hospitalarias","isPartOf":{"@id":"https:\/\/hospitalarias.org\/#website"},"primaryImageOfPage":{"@id":"https:\/\/hospitalarias.org\/en\/direct-on-instagram-for-the-international-day-of-disability\/#primaryimage"},"image":{"@id":"https:\/\/hospitalarias.org\/en\/direct-on-instagram-for-the-international-day-of-disability\/#primaryimage"},"thumbnailUrl":"","datePublished":"2020-11-27T08:00:00+00:00","breadcrumb":{"@id":"https:\/\/hospitalarias.org\/en\/direct-on-instagram-for-the-international-day-of-disability\/#breadcrumb"},"inLanguage":"en-US","potentialAction":[{"@type":"ReadAction","target":["https:\/\/hospitalarias.org\/en\/direct-on-instagram-for-the-international-day-of-disability\/"]}]},{"@type":"ImageObject","inLanguage":"en-US","@id":"https:\/\/hospitalarias.org\/en\/direct-on-instagram-for-the-international-day-of-disability\/#primaryimage","url":"","contentUrl":""},{"@type":"BreadcrumbList","@id":"https:\/\/hospitalarias.org\/en\/direct-on-instagram-for-the-international-day-of-disability\/#breadcrumb","itemListElement":[{"@type":"ListItem","position":1,"name":"Inicio","item":"https:\/\/hospitalarias.org\/"},{"@type":"ListItem","position":2,"name":"Direct on Instagram for the International Day of People with Disability"}]},{"@type":"WebSite","@id":"https:\/\/hospitalarias.org\/#website","url":"https:\/\/hospitalarias.org\/","name":"Hermanas Hospitalarias","description":"","publisher":{"@id":"https:\/\/hospitalarias.org\/#organization"},"potentialAction":[{"@type":"SearchAction","target":{"@type":"EntryPoint","urlTemplate":"https:\/\/hospitalarias.org\/?s={search_term_string}"},"query-input":{"@type":"PropertyValueSpecification","valueRequired":true,"valueName":"search_term_string"}}],"inLanguage":"en-US"},{"@type":"Organization","@id":"https:\/\/hospitalarias.org\/#organization","name":"Hermanas Hospitalarias","url":"https:\/\/hospitalarias.org\/","logo":{"@type":"ImageObject","inLanguage":"en-US","@id":"https:\/\/hospitalarias.org\/#\/schema\/logo\/image\/","url":"https:\/\/hospitalarias.org\/wp-content\/uploads\/2025\/06\/logo-es-1.svg","contentUrl":"https:\/\/hospitalarias.org\/wp-content\/uploads\/2025\/06\/logo-es-1.svg","caption":"Hermanas Hospitalarias"},"image":{"@id":"https:\/\/hospitalarias.org\/#\/schema\/logo\/image\/"}},{"@type":"Person","@id":"https:\/\/hospitalarias.org\/#\/schema\/person\/5e964e7aab6802d5c2da189de44b7365","name":"hospitalarias","image":{"@type":"ImageObject","inLanguage":"en-US","@id":"https:\/\/secure.gravatar.com\/avatar\/333fbff3d623aede971942db698a9ce540a361f30762fe0f1e1315a63f88a856?s=96&d=mm&r=g","url":"https:\/\/secure.gravatar.com\/avatar\/333fbff3d623aede971942db698a9ce540a361f30762fe0f1e1315a63f88a856?s=96&d=mm&r=g","contentUrl":"https:\/\/secure.gravatar.com\/avatar\/333fbff3d623aede971942db698a9ce540a361f30762fe0f1e1315a63f88a856?s=96&d=mm&r=g","caption":"hospitalarias"},"sameAs":["https:\/\/hospitalarias.org"],"url":"https:\/\/hospitalarias.org\/en\/author\/hospitalarias\/"}]}},"_links":{"self":[{"href":"https:\/\/hospitalarias.org\/en\/wp-json\/wp\/v2\/posts\/51601","targetHints":{"allow":["GET"]}}],"collection":[{"href":"https:\/\/hospitalarias.org\/en\/wp-json\/wp\/v2\/posts"}],"about":[{"href":"https:\/\/hospitalarias.org\/en\/wp-json\/wp\/v2\/types\/post"}],"author":[{"embeddable":true,"href":"https:\/\/hospitalarias.org\/en\/wp-json\/wp\/v2\/users\/1"}],"replies":[{"embeddable":true,"href":"https:\/\/hospitalarias.org\/en\/wp-json\/wp\/v2\/comments?post=51601"}],"version-history":[{"count":0,"href":"https:\/\/hospitalarias.org\/en\/wp-json\/wp\/v2\/posts\/51601\/revisions"}],"wp:featuredmedia":[{"embeddable":true,"href":"https:\/\/hospitalarias.org\/en\/wp-json\/"}],"wp:attachment":[{"href":"https:\/\/hospitalarias.org\/en\/wp-json\/wp\/v2\/media?parent=51601"}],"wp:term":[{"taxonomy":"category","embeddable":true,"href":"https:\/\/hospitalarias.org\/en\/wp-json\/wp\/v2\/categories?post=51601"},{"taxonomy":"post_tag","embeddable":true,"href":"https:\/\/hospitalarias.org\/en\/wp-json\/wp\/v2\/tags?post=51601"}],"curies":[{"name":"wp","href":"https:\/\/api.w.org\/{rel}","templated":true}]}}