{"id":51074,"date":"2020-05-29T06:30:00","date_gmt":"2020-05-29T06:30:00","guid":{"rendered":"https:\/\/www.hospitalarias.org\/en\/?p=51074"},"modified":"2020-05-29T06:30:00","modified_gmt":"2020-05-29T06:30:00","slug":"139th-anniversary-of-the-founding-of-the-congregation","status":"publish","type":"post","link":"https:\/\/hospitalarias.org\/en\/139th-anniversary-of-the-founding-of-the-congregation\/","title":{"rendered":"139th anniversary of the founding of the Congregation"},"content":{"rendered":"\n<p><strong>May 31st is a very significant day for our Institution, as we celebrate the founding anniversary<\/strong>, which took place in Ciempozuelos (Madrid, Spain). It is also the <strong>feast of Our Lady of the Sacred Heart of Jesus<\/strong>, which <strong><a rel=\"noreferrer noopener\" aria-label=\"Sisters Hospitallers (se abre en una nueva pesta\u00f1a)\" href=\"https:\/\/www.hospitalarias.org\/en\/\" target=\"_blank\">Sisters Hospitallers<\/a> <\/strong>call <strong>\u201cOur Mother\u201d<\/strong>. We ask her to give us the necessary strength and courage to continue facing the present and future challenges of our Institution.<\/p>\n\n\n\n<p>This year, we surely celebrate it differently, but although we are physically distant, <strong>our hospitable hearts are more united than ever.<\/strong> As an example we share a series of congratulatory messages, sent from the different Provinces and Delegations that make up our Institution. <strong>HAPPY DAY OF OUR MOTHER!<\/strong><\/p>\n\n\n\n<h2 class=\"wp-block-heading\">Hospitaller Community Messages <\/h2>\n\n\n\n<h3 class=\"wp-block-heading\">Province of Italy <\/h3>\n\n\n\n<p> <em>\u00abAuguro a tutte le Case della Congregazione di continuare a essere sorrette con amore e devozione da Suore e Operatori che, anche in questo periodo di interruzione di tante attivit\u00e0, non ci hanno mai fatto sentire soli. Spero con tutto il cuore che anche in futuro possa essere cos\u00ec\u00bb<\/em>.&nbsp;<strong>Livia Cenci, ospite della C.d.C. Villa Rosa, Viterbo (Italia)<\/strong> <\/p>\n\n\n\n<p> <a rel=\"noreferrer noopener\" aria-label=\"Read all messages from the Province of Italy  (se abre en una nueva pesta\u00f1a)\" href=\"https:\/\/www.hospitalarias.org\/wp-content\/uploads\/2020\/05\/Mensajes-P.-Italia.pdf\" target=\"_blank\">Read all messages from the Province of Italy <\/a><\/p>\n\n\n\n<h3 class=\"wp-block-heading\">Philippine Delegation <\/h3>\n\n\n\n<p><em>\u201cCongratulations!! There is a cause of rejoicing here because we are Celebrating the 139th&nbsp;years of the founding Anniversary of our Congregation.&nbsp;Our hard work, faithfulness,&nbsp;and dedication in the Hospitaller service inspires us to continue living the Hospitaller charism into God\u2019s service. Mabuhay!\u201d<\/em>&nbsp;<strong>Sr. Magnolia Billona, hsc, New Manila Community (Philippines)<\/strong> <\/p>\n\n\n\n<p><a href=\"https:\/\/www.hospitalarias.org\/en\/wp-content\/uploads\/sites\/2\/2020\/05\/Mensajes-D.-Filipinas.pdf\" target=\"_blank\" rel=\"noreferrer noopener\" aria-label=\"Read all messages from the Philippine Delegation (se abre en una nueva pesta\u00f1a)\">Read all messages from the Philippine Delegation<\/a><\/p>\n\n\n\n<h3 class=\"wp-block-heading\">Province of Spain<\/h3>\n\n\n\n<p> <em>\u201cHospitalidad, un sue\u00f1o compartido. \u00a1Feliz aniversario y fiesta patronal a toda la comunidad hospitalaria!\u201d<\/em>.&nbsp;<strong>Danilo Farneda, Responsable de Pastoral AER del Complejo Asistencial Hermanas Hospitalarias M\u00e1laga (Espa\u00f1a)<\/strong> <\/p>\n\n\n\n<p> <a rel=\"noreferrer noopener\" aria-label=\"Read all messages from the Province of Spain  (se abre en una nueva pesta\u00f1a)\" href=\"https:\/\/www.hospitalarias.org\/wp-content\/uploads\/2020\/05\/Mensajes-P.-Espa%C3%B1a.pdf\" target=\"_blank\">Read all messages from the Province of Spain <\/a><\/p>\n\n\n\n<h3 class=\"wp-block-heading\">Province of England<\/h3>\n\n\n\n<p> <em>\u201cWishing all the sisters of the Hospitallers of the Sacred Heart Jesus both near and far my congratulations and blessings on the 139 anniversary of your Foundation. Keep up your exceptional work following the footsteps of St. Benito Menni\u201d<\/em>.&nbsp;<strong>Mrs Pauline Taylor, benefactress &amp; friend<\/strong>&nbsp;<strong>(England)<\/strong> <\/p>\n\n\n\n<p> <a rel=\"noreferrer noopener\" aria-label=\"Read all messages from the Province of England  (se abre en una nueva pesta\u00f1a)\" href=\"https:\/\/www.hospitalarias.org\/wp-content\/uploads\/2020\/05\/Mensajes-P.-Inglaterra.pdf\" target=\"_blank\">Read all messages from the Province of England <\/a><\/p>\n\n\n\n<h3 class=\"wp-block-heading\">Province of Portugal<\/h3>\n\n\n\n<p> \u201cFeliz 139 anos de Vida \u00e0 Congrega\u00e7\u00e3o!&nbsp;<em>A paci\u00eancia na adversidade \u00e9 uma atitude profunda que se conquista e se recebe do amor de Deus que vos permite, serenamente, ultrapassar as dificuldades e mantermo-nos perseverantes e audazes quanto ao futuro!\u201d<\/em>&nbsp;<strong>Paula Pedro, Colaboradora na sede Provincial (Portugal)<\/strong> <\/p>\n\n\n\n<p> <a href=\"https:\/\/www.hospitalarias.org\/wp-content\/uploads\/2020\/05\/Mensajes-P.-Portugal.pdf\" target=\"_blank\" rel=\"noreferrer noopener\" aria-label=\"Read all messages from the Province of Portugal  (se abre en una nueva pesta\u00f1a)\">Read all messages from the Province of Portugal <\/a><\/p>\n\n\n\n<h3 class=\"wp-block-heading\">Province of France<\/h3>\n\n\n\n<p><em>\u201cQue este 139 aniversario de fundaci\u00f3n de la Congregaci\u00f3n de Hermanas Hospitalarias del Sagrado Coraz\u00f3n de Jes\u00fas, sea el punto de partida de una renovaci\u00f3n y revitalizaci\u00f3n del carisma de la hospitalidad, en hermanas y colaboradores, para llevar la esperanza al hombre necesitado de un gesto humanitario, de una sonrisa. Felicidades a todos los que hacemos parte de esta gran familia\u201d.<\/em> <strong>Sor Mar\u00eda del Henar Sandoval, Secretaria provincial de la Provincia de Francia<\/strong><\/p>\n\n\n\n<h3 class=\"wp-block-heading\">Province of Latin America<\/h3>\n\n\n\n<p><em>&#8220;En estos 139 a\u00f1os de hospitalidad les quiero mandar un fraternal saludo, a toda la familia Hospitalaria, agradecida de formar parte de ella y pidiendo a nuestra madre por la continuidad en bien de los m\u00e1s necesitados \u00a1Feliz cumplea\u00f1os!&#8221;.<\/em> <strong>Susana Peraza, supervisora asistencial en el Hogar P. Benito Menni (Uruguay)<\/strong><\/p>\n\n\n\n<p><a href=\"https:\/\/www.hospitalarias.org\/wp-content\/uploads\/2020\/05\/Mensajes-P.-Am%C3%A9rica-Latina.pdf\" target=\"_blank\" rel=\"noreferrer noopener\" aria-label=\"Read all messages from the Province of Latin America (se abre en una nueva pesta\u00f1a)\">Read all messages from the Province of Latin America<\/a><\/p>\n","protected":false},"excerpt":{"rendered":"<p>May 31st is a very significant day for our Institution, as we celebrate the founding anniversary, which took place in Ciempozuelos (Madrid, Spain). It is also the feast of Our Lady of the Sacred Heart of Jesus, which Sisters Hospitallers call \u201cOur Mother\u201d. We ask her to give us the necessary strength and courage to [&hellip;]<\/p>\n","protected":false},"author":1,"featured_media":51076,"comment_status":"open","ping_status":"open","sticky":false,"template":"","format":"standard","meta":{"_acf_changed":false,"footnotes":""},"categories":[588],"tags":[],"class_list":["post-51074","post","type-post","status-publish","format-standard","has-post-thumbnail","hentry","category-cat-news"],"acf":[],"yoast_head":"<!-- This site is optimized with the Yoast SEO plugin v27.4 - https:\/\/yoast.com\/product\/yoast-seo-wordpress\/ -->\n<title>139th anniversary of the founding of the Congregation - Hermanas Hospitalarias<\/title>\n<meta name=\"robots\" content=\"index, follow, max-snippet:-1, max-image-preview:large, max-video-preview:-1\" \/>\n<link rel=\"canonical\" href=\"https:\/\/hospitalarias.org\/en\/139th-anniversary-of-the-founding-of-the-congregation\/\" \/>\n<meta property=\"og:locale\" content=\"en_US\" \/>\n<meta property=\"og:type\" content=\"article\" \/>\n<meta property=\"og:title\" content=\"139th anniversary of the founding of the Congregation - Hermanas Hospitalarias\" \/>\n<meta property=\"og:description\" content=\"May 31st is a very significant day for our Institution, as we celebrate the founding anniversary, which took place in Ciempozuelos (Madrid, Spain). It is also the feast of Our Lady of the Sacred Heart of Jesus, which Sisters Hospitallers call \u201cOur Mother\u201d. We ask her to give us the necessary strength and courage to [&hellip;]\" \/>\n<meta property=\"og:url\" content=\"https:\/\/hospitalarias.org\/en\/139th-anniversary-of-the-founding-of-the-congregation\/\" \/>\n<meta property=\"og:site_name\" content=\"Hermanas Hospitalarias\" \/>\n<meta property=\"article:published_time\" content=\"2020-05-29T06:30:00+00:00\" \/>\n<meta name=\"author\" content=\"hospitalarias\" \/>\n<meta name=\"twitter:card\" content=\"summary_large_image\" \/>\n<meta name=\"twitter:label1\" content=\"Written by\" \/>\n\t<meta name=\"twitter:data1\" content=\"hospitalarias\" \/>\n\t<meta name=\"twitter:label2\" content=\"Est. reading time\" \/>\n\t<meta name=\"twitter:data2\" content=\"3 minutes\" \/>\n<script type=\"application\/ld+json\" class=\"yoast-schema-graph\">{\"@context\":\"https:\\\/\\\/schema.org\",\"@graph\":[{\"@type\":\"Article\",\"@id\":\"https:\\\/\\\/hospitalarias.org\\\/en\\\/139th-anniversary-of-the-founding-of-the-congregation\\\/#article\",\"isPartOf\":{\"@id\":\"https:\\\/\\\/hospitalarias.org\\\/en\\\/139th-anniversary-of-the-founding-of-the-congregation\\\/\"},\"author\":{\"name\":\"hospitalarias\",\"@id\":\"https:\\\/\\\/hospitalarias.org\\\/#\\\/schema\\\/person\\\/5e964e7aab6802d5c2da189de44b7365\"},\"headline\":\"139th anniversary of the founding of the Congregation\",\"datePublished\":\"2020-05-29T06:30:00+00:00\",\"mainEntityOfPage\":{\"@id\":\"https:\\\/\\\/hospitalarias.org\\\/en\\\/139th-anniversary-of-the-founding-of-the-congregation\\\/\"},\"wordCount\":568,\"commentCount\":0,\"publisher\":{\"@id\":\"https:\\\/\\\/hospitalarias.org\\\/#organization\"},\"image\":{\"@id\":\"https:\\\/\\\/hospitalarias.org\\\/en\\\/139th-anniversary-of-the-founding-of-the-congregation\\\/#primaryimage\"},\"thumbnailUrl\":\"\",\"articleSection\":[\"News\"],\"inLanguage\":\"en-US\"},{\"@type\":\"WebPage\",\"@id\":\"https:\\\/\\\/hospitalarias.org\\\/en\\\/139th-anniversary-of-the-founding-of-the-congregation\\\/\",\"url\":\"https:\\\/\\\/hospitalarias.org\\\/en\\\/139th-anniversary-of-the-founding-of-the-congregation\\\/\",\"name\":\"139th anniversary of the founding of the Congregation - Hermanas Hospitalarias\",\"isPartOf\":{\"@id\":\"https:\\\/\\\/hospitalarias.org\\\/#website\"},\"primaryImageOfPage\":{\"@id\":\"https:\\\/\\\/hospitalarias.org\\\/en\\\/139th-anniversary-of-the-founding-of-the-congregation\\\/#primaryimage\"},\"image\":{\"@id\":\"https:\\\/\\\/hospitalarias.org\\\/en\\\/139th-anniversary-of-the-founding-of-the-congregation\\\/#primaryimage\"},\"thumbnailUrl\":\"\",\"datePublished\":\"2020-05-29T06:30:00+00:00\",\"breadcrumb\":{\"@id\":\"https:\\\/\\\/hospitalarias.org\\\/en\\\/139th-anniversary-of-the-founding-of-the-congregation\\\/#breadcrumb\"},\"inLanguage\":\"en-US\",\"potentialAction\":[{\"@type\":\"ReadAction\",\"target\":[\"https:\\\/\\\/hospitalarias.org\\\/en\\\/139th-anniversary-of-the-founding-of-the-congregation\\\/\"]}]},{\"@type\":\"ImageObject\",\"inLanguage\":\"en-US\",\"@id\":\"https:\\\/\\\/hospitalarias.org\\\/en\\\/139th-anniversary-of-the-founding-of-the-congregation\\\/#primaryimage\",\"url\":\"\",\"contentUrl\":\"\"},{\"@type\":\"BreadcrumbList\",\"@id\":\"https:\\\/\\\/hospitalarias.org\\\/en\\\/139th-anniversary-of-the-founding-of-the-congregation\\\/#breadcrumb\",\"itemListElement\":[{\"@type\":\"ListItem\",\"position\":1,\"name\":\"Inicio\",\"item\":\"https:\\\/\\\/hospitalarias.org\\\/\"},{\"@type\":\"ListItem\",\"position\":2,\"name\":\"139th anniversary of the founding of the Congregation\"}]},{\"@type\":\"WebSite\",\"@id\":\"https:\\\/\\\/hospitalarias.org\\\/#website\",\"url\":\"https:\\\/\\\/hospitalarias.org\\\/\",\"name\":\"Hermanas Hospitalarias\",\"description\":\"\",\"publisher\":{\"@id\":\"https:\\\/\\\/hospitalarias.org\\\/#organization\"},\"potentialAction\":[{\"@type\":\"SearchAction\",\"target\":{\"@type\":\"EntryPoint\",\"urlTemplate\":\"https:\\\/\\\/hospitalarias.org\\\/?s={search_term_string}\"},\"query-input\":{\"@type\":\"PropertyValueSpecification\",\"valueRequired\":true,\"valueName\":\"search_term_string\"}}],\"inLanguage\":\"en-US\"},{\"@type\":\"Organization\",\"@id\":\"https:\\\/\\\/hospitalarias.org\\\/#organization\",\"name\":\"Hermanas Hospitalarias\",\"url\":\"https:\\\/\\\/hospitalarias.org\\\/\",\"logo\":{\"@type\":\"ImageObject\",\"inLanguage\":\"en-US\",\"@id\":\"https:\\\/\\\/hospitalarias.org\\\/#\\\/schema\\\/logo\\\/image\\\/\",\"url\":\"https:\\\/\\\/hospitalarias.org\\\/wp-content\\\/uploads\\\/2025\\\/06\\\/logo-es-1.svg\",\"contentUrl\":\"https:\\\/\\\/hospitalarias.org\\\/wp-content\\\/uploads\\\/2025\\\/06\\\/logo-es-1.svg\",\"caption\":\"Hermanas Hospitalarias\"},\"image\":{\"@id\":\"https:\\\/\\\/hospitalarias.org\\\/#\\\/schema\\\/logo\\\/image\\\/\"}},{\"@type\":\"Person\",\"@id\":\"https:\\\/\\\/hospitalarias.org\\\/#\\\/schema\\\/person\\\/5e964e7aab6802d5c2da189de44b7365\",\"name\":\"hospitalarias\",\"image\":{\"@type\":\"ImageObject\",\"inLanguage\":\"en-US\",\"@id\":\"https:\\\/\\\/secure.gravatar.com\\\/avatar\\\/333fbff3d623aede971942db698a9ce540a361f30762fe0f1e1315a63f88a856?s=96&d=mm&r=g\",\"url\":\"https:\\\/\\\/secure.gravatar.com\\\/avatar\\\/333fbff3d623aede971942db698a9ce540a361f30762fe0f1e1315a63f88a856?s=96&d=mm&r=g\",\"contentUrl\":\"https:\\\/\\\/secure.gravatar.com\\\/avatar\\\/333fbff3d623aede971942db698a9ce540a361f30762fe0f1e1315a63f88a856?s=96&d=mm&r=g\",\"caption\":\"hospitalarias\"},\"sameAs\":[\"https:\\\/\\\/hospitalarias.org\"],\"url\":\"https:\\\/\\\/hospitalarias.org\\\/en\\\/author\\\/hospitalarias\\\/\"}]}<\/script>\n<!-- \/ Yoast SEO plugin. -->","yoast_head_json":{"title":"139th anniversary of the founding of the Congregation - Hermanas Hospitalarias","robots":{"index":"index","follow":"follow","max-snippet":"max-snippet:-1","max-image-preview":"max-image-preview:large","max-video-preview":"max-video-preview:-1"},"canonical":"https:\/\/hospitalarias.org\/en\/139th-anniversary-of-the-founding-of-the-congregation\/","og_locale":"en_US","og_type":"article","og_title":"139th anniversary of the founding of the Congregation - Hermanas Hospitalarias","og_description":"May 31st is a very significant day for our Institution, as we celebrate the founding anniversary, which took place in Ciempozuelos (Madrid, Spain). It is also the feast of Our Lady of the Sacred Heart of Jesus, which Sisters Hospitallers call \u201cOur Mother\u201d. We ask her to give us the necessary strength and courage to [&hellip;]","og_url":"https:\/\/hospitalarias.org\/en\/139th-anniversary-of-the-founding-of-the-congregation\/","og_site_name":"Hermanas Hospitalarias","article_published_time":"2020-05-29T06:30:00+00:00","author":"hospitalarias","twitter_card":"summary_large_image","twitter_misc":{"Written by":"hospitalarias","Est. reading time":"3 minutes"},"schema":{"@context":"https:\/\/schema.org","@graph":[{"@type":"Article","@id":"https:\/\/hospitalarias.org\/en\/139th-anniversary-of-the-founding-of-the-congregation\/#article","isPartOf":{"@id":"https:\/\/hospitalarias.org\/en\/139th-anniversary-of-the-founding-of-the-congregation\/"},"author":{"name":"hospitalarias","@id":"https:\/\/hospitalarias.org\/#\/schema\/person\/5e964e7aab6802d5c2da189de44b7365"},"headline":"139th anniversary of the founding of the Congregation","datePublished":"2020-05-29T06:30:00+00:00","mainEntityOfPage":{"@id":"https:\/\/hospitalarias.org\/en\/139th-anniversary-of-the-founding-of-the-congregation\/"},"wordCount":568,"commentCount":0,"publisher":{"@id":"https:\/\/hospitalarias.org\/#organization"},"image":{"@id":"https:\/\/hospitalarias.org\/en\/139th-anniversary-of-the-founding-of-the-congregation\/#primaryimage"},"thumbnailUrl":"","articleSection":["News"],"inLanguage":"en-US"},{"@type":"WebPage","@id":"https:\/\/hospitalarias.org\/en\/139th-anniversary-of-the-founding-of-the-congregation\/","url":"https:\/\/hospitalarias.org\/en\/139th-anniversary-of-the-founding-of-the-congregation\/","name":"139th anniversary of the founding of the Congregation - Hermanas Hospitalarias","isPartOf":{"@id":"https:\/\/hospitalarias.org\/#website"},"primaryImageOfPage":{"@id":"https:\/\/hospitalarias.org\/en\/139th-anniversary-of-the-founding-of-the-congregation\/#primaryimage"},"image":{"@id":"https:\/\/hospitalarias.org\/en\/139th-anniversary-of-the-founding-of-the-congregation\/#primaryimage"},"thumbnailUrl":"","datePublished":"2020-05-29T06:30:00+00:00","breadcrumb":{"@id":"https:\/\/hospitalarias.org\/en\/139th-anniversary-of-the-founding-of-the-congregation\/#breadcrumb"},"inLanguage":"en-US","potentialAction":[{"@type":"ReadAction","target":["https:\/\/hospitalarias.org\/en\/139th-anniversary-of-the-founding-of-the-congregation\/"]}]},{"@type":"ImageObject","inLanguage":"en-US","@id":"https:\/\/hospitalarias.org\/en\/139th-anniversary-of-the-founding-of-the-congregation\/#primaryimage","url":"","contentUrl":""},{"@type":"BreadcrumbList","@id":"https:\/\/hospitalarias.org\/en\/139th-anniversary-of-the-founding-of-the-congregation\/#breadcrumb","itemListElement":[{"@type":"ListItem","position":1,"name":"Inicio","item":"https:\/\/hospitalarias.org\/"},{"@type":"ListItem","position":2,"name":"139th anniversary of the founding of the Congregation"}]},{"@type":"WebSite","@id":"https:\/\/hospitalarias.org\/#website","url":"https:\/\/hospitalarias.org\/","name":"Hermanas Hospitalarias","description":"","publisher":{"@id":"https:\/\/hospitalarias.org\/#organization"},"potentialAction":[{"@type":"SearchAction","target":{"@type":"EntryPoint","urlTemplate":"https:\/\/hospitalarias.org\/?s={search_term_string}"},"query-input":{"@type":"PropertyValueSpecification","valueRequired":true,"valueName":"search_term_string"}}],"inLanguage":"en-US"},{"@type":"Organization","@id":"https:\/\/hospitalarias.org\/#organization","name":"Hermanas Hospitalarias","url":"https:\/\/hospitalarias.org\/","logo":{"@type":"ImageObject","inLanguage":"en-US","@id":"https:\/\/hospitalarias.org\/#\/schema\/logo\/image\/","url":"https:\/\/hospitalarias.org\/wp-content\/uploads\/2025\/06\/logo-es-1.svg","contentUrl":"https:\/\/hospitalarias.org\/wp-content\/uploads\/2025\/06\/logo-es-1.svg","caption":"Hermanas Hospitalarias"},"image":{"@id":"https:\/\/hospitalarias.org\/#\/schema\/logo\/image\/"}},{"@type":"Person","@id":"https:\/\/hospitalarias.org\/#\/schema\/person\/5e964e7aab6802d5c2da189de44b7365","name":"hospitalarias","image":{"@type":"ImageObject","inLanguage":"en-US","@id":"https:\/\/secure.gravatar.com\/avatar\/333fbff3d623aede971942db698a9ce540a361f30762fe0f1e1315a63f88a856?s=96&d=mm&r=g","url":"https:\/\/secure.gravatar.com\/avatar\/333fbff3d623aede971942db698a9ce540a361f30762fe0f1e1315a63f88a856?s=96&d=mm&r=g","contentUrl":"https:\/\/secure.gravatar.com\/avatar\/333fbff3d623aede971942db698a9ce540a361f30762fe0f1e1315a63f88a856?s=96&d=mm&r=g","caption":"hospitalarias"},"sameAs":["https:\/\/hospitalarias.org"],"url":"https:\/\/hospitalarias.org\/en\/author\/hospitalarias\/"}]}},"_links":{"self":[{"href":"https:\/\/hospitalarias.org\/en\/wp-json\/wp\/v2\/posts\/51074","targetHints":{"allow":["GET"]}}],"collection":[{"href":"https:\/\/hospitalarias.org\/en\/wp-json\/wp\/v2\/posts"}],"about":[{"href":"https:\/\/hospitalarias.org\/en\/wp-json\/wp\/v2\/types\/post"}],"author":[{"embeddable":true,"href":"https:\/\/hospitalarias.org\/en\/wp-json\/wp\/v2\/users\/1"}],"replies":[{"embeddable":true,"href":"https:\/\/hospitalarias.org\/en\/wp-json\/wp\/v2\/comments?post=51074"}],"version-history":[{"count":0,"href":"https:\/\/hospitalarias.org\/en\/wp-json\/wp\/v2\/posts\/51074\/revisions"}],"wp:featuredmedia":[{"embeddable":true,"href":"https:\/\/hospitalarias.org\/en\/wp-json\/"}],"wp:attachment":[{"href":"https:\/\/hospitalarias.org\/en\/wp-json\/wp\/v2\/media?parent=51074"}],"wp:term":[{"taxonomy":"category","embeddable":true,"href":"https:\/\/hospitalarias.org\/en\/wp-json\/wp\/v2\/categories?post=51074"},{"taxonomy":"post_tag","embeddable":true,"href":"https:\/\/hospitalarias.org\/en\/wp-json\/wp\/v2\/tags?post=51074"}],"curies":[{"name":"wp","href":"https:\/\/api.w.org\/{rel}","templated":true}]}}