{"id":50851,"date":"2020-03-09T12:00:00","date_gmt":"2020-03-09T12:00:00","guid":{"rendered":"https:\/\/www.hospitalarias.org\/en\/?p=50851"},"modified":"2020-03-09T12:00:00","modified_gmt":"2020-03-09T12:00:00","slug":"meeting-of-the-general-commission-for-youth-and-vocation-ministry","status":"publish","type":"post","link":"https:\/\/hospitalarias.org\/en\/meeting-of-the-general-commission-for-youth-and-vocation-ministry\/","title":{"rendered":"Meeting of the General Commission for Youth and Vocation Ministry"},"content":{"rendered":"\n<p> <strong>From March 2 to 5, 2020, a meeting of the General Commission for <a rel=\"noreferrer noopener\" aria-label=\"Youth and Vocation Ministry (se abre en una nueva pesta\u00f1a)\" href=\"https:\/\/www.hospitalarias.org\/en\/how-can-i-become-a-hospitaller\/\" target=\"_blank\">Youth and Vocation Ministry<\/a> was held<\/strong>, made up of the sisters: Margarida Silva, Rosa Mar\u00eda Guti\u00e9rrez, Pegie Belvie Louth, M\u00f3nica Burbano and Blanca Guerrero. Those of us who have met, by video conference, with the aim of studying the current reality of the YMV in the Congregation, based on the contributions sent by the communities and vocational pastoralists. <\/p>\n\n\n\n<p>The following conclusions are derived from this analysis:<\/p>\n\n\n\n<p>Among the many <strong>strengths<\/strong> exposed during the meeting, we highlight: having pastoralist sisters and leading sisters in many of our communities; the existence of documents that guide the work of this ministry; Being present in many youth settings, as well as walking towards a more open mind in accompaniment, to young people, in their own vocation.<\/p>\n\n\n\n<p>Regarding the <strong>opportunities<\/strong> that arise, when studying our reality, we highlight: that hospital work is a strategic place to transmit hospitality to young people, since, normally, they seek experiences of solidarity and volunteer service. In addition, we have in new technologies, the possibility of evangelizing young people from the charism and hospitality spirituality.<\/p>\n\n\n\n<p><strong>Weaknesses<\/strong> are also present, which by knowing and accepting them helps us manage them to turn them <strong>into challenges<\/strong>:<\/p>\n\n\n\n<p>-The need to redefine the planning of the hospital PJV, so that it is participatory and includes the role of young people.<\/p>\n\n\n\n<p>-The strengthening of welcoming communities, open to the youth world and capable of communicating the faith. Where the sisters are co-responsible, transmitting the joy and happiness of living the vocation and fraternity.<\/p>\n\n\n\n<p>-The urgency of building a vocational culture, strengthening the co-responsibility of the hospital community, and facilitating mission and community experiences for young people.<\/p>\n\n\n\n<p>-Active participation in youth ministry and ecclesial vocation is needed, an effective contact with youth environments that generates processes of faith and vocational discernment.<\/p>\n\n\n\n<p> The work of these days, carried out by the General Commission for Youth and Vocation Ministry, has been very enriching; Starting from the reality of the communities and their feelings was key in this path of discernment. The Commission will continue this work and we will communicate progress. We thank the entire Congregation for their support and prayers during these days. Blanca Guerrero, third General Councilor and head of Youth and Vocation Ministry. <\/p>\n","protected":false},"excerpt":{"rendered":"<p>From March 2 to 5, 2020, a meeting of the General Commission for Youth and Vocation Ministry was held, made up of the sisters: Margarida Silva, Rosa Mar\u00eda Guti\u00e9rrez, Pegie Belvie Louth, M\u00f3nica Burbano and Blanca Guerrero. Those of us who have met, by video conference, with the aim of studying the current reality of [&hellip;]<\/p>\n","protected":false},"author":1,"featured_media":50852,"comment_status":"open","ping_status":"open","sticky":false,"template":"","format":"standard","meta":{"_acf_changed":false,"footnotes":""},"categories":[588],"tags":[],"class_list":["post-50851","post","type-post","status-publish","format-standard","has-post-thumbnail","hentry","category-cat-news"],"acf":[],"yoast_head":"<!-- This site is optimized with the Yoast SEO plugin v27.4 - https:\/\/yoast.com\/product\/yoast-seo-wordpress\/ -->\n<title>Meeting of the General Commission for Youth and Vocation Ministry - Hermanas Hospitalarias<\/title>\n<meta name=\"robots\" content=\"index, follow, max-snippet:-1, max-image-preview:large, max-video-preview:-1\" \/>\n<link rel=\"canonical\" href=\"https:\/\/hospitalarias.org\/en\/meeting-of-the-general-commission-for-youth-and-vocation-ministry\/\" \/>\n<meta property=\"og:locale\" content=\"en_US\" \/>\n<meta property=\"og:type\" content=\"article\" \/>\n<meta property=\"og:title\" content=\"Meeting of the General Commission for Youth and Vocation Ministry - Hermanas Hospitalarias\" \/>\n<meta property=\"og:description\" content=\"From March 2 to 5, 2020, a meeting of the General Commission for Youth and Vocation Ministry was held, made up of the sisters: Margarida Silva, Rosa Mar\u00eda Guti\u00e9rrez, Pegie Belvie Louth, M\u00f3nica Burbano and Blanca Guerrero. Those of us who have met, by video conference, with the aim of studying the current reality of [&hellip;]\" \/>\n<meta property=\"og:url\" content=\"https:\/\/hospitalarias.org\/en\/meeting-of-the-general-commission-for-youth-and-vocation-ministry\/\" \/>\n<meta property=\"og:site_name\" content=\"Hermanas Hospitalarias\" \/>\n<meta property=\"article:published_time\" content=\"2020-03-09T12:00:00+00:00\" \/>\n<meta name=\"author\" content=\"hospitalarias\" \/>\n<meta name=\"twitter:card\" content=\"summary_large_image\" \/>\n<meta name=\"twitter:label1\" content=\"Written by\" \/>\n\t<meta name=\"twitter:data1\" content=\"hospitalarias\" \/>\n\t<meta name=\"twitter:label2\" content=\"Est. reading time\" \/>\n\t<meta name=\"twitter:data2\" content=\"2 minutes\" \/>\n<script type=\"application\/ld+json\" class=\"yoast-schema-graph\">{\"@context\":\"https:\\\/\\\/schema.org\",\"@graph\":[{\"@type\":\"Article\",\"@id\":\"https:\\\/\\\/hospitalarias.org\\\/en\\\/meeting-of-the-general-commission-for-youth-and-vocation-ministry\\\/#article\",\"isPartOf\":{\"@id\":\"https:\\\/\\\/hospitalarias.org\\\/en\\\/meeting-of-the-general-commission-for-youth-and-vocation-ministry\\\/\"},\"author\":{\"name\":\"hospitalarias\",\"@id\":\"https:\\\/\\\/hospitalarias.org\\\/#\\\/schema\\\/person\\\/5e964e7aab6802d5c2da189de44b7365\"},\"headline\":\"Meeting of the General Commission for Youth and Vocation Ministry\",\"datePublished\":\"2020-03-09T12:00:00+00:00\",\"mainEntityOfPage\":{\"@id\":\"https:\\\/\\\/hospitalarias.org\\\/en\\\/meeting-of-the-general-commission-for-youth-and-vocation-ministry\\\/\"},\"wordCount\":391,\"commentCount\":0,\"publisher\":{\"@id\":\"https:\\\/\\\/hospitalarias.org\\\/#organization\"},\"image\":{\"@id\":\"https:\\\/\\\/hospitalarias.org\\\/en\\\/meeting-of-the-general-commission-for-youth-and-vocation-ministry\\\/#primaryimage\"},\"thumbnailUrl\":\"\",\"articleSection\":[\"News\"],\"inLanguage\":\"en-US\"},{\"@type\":\"WebPage\",\"@id\":\"https:\\\/\\\/hospitalarias.org\\\/en\\\/meeting-of-the-general-commission-for-youth-and-vocation-ministry\\\/\",\"url\":\"https:\\\/\\\/hospitalarias.org\\\/en\\\/meeting-of-the-general-commission-for-youth-and-vocation-ministry\\\/\",\"name\":\"Meeting of the General Commission for Youth and Vocation Ministry - Hermanas Hospitalarias\",\"isPartOf\":{\"@id\":\"https:\\\/\\\/hospitalarias.org\\\/#website\"},\"primaryImageOfPage\":{\"@id\":\"https:\\\/\\\/hospitalarias.org\\\/en\\\/meeting-of-the-general-commission-for-youth-and-vocation-ministry\\\/#primaryimage\"},\"image\":{\"@id\":\"https:\\\/\\\/hospitalarias.org\\\/en\\\/meeting-of-the-general-commission-for-youth-and-vocation-ministry\\\/#primaryimage\"},\"thumbnailUrl\":\"\",\"datePublished\":\"2020-03-09T12:00:00+00:00\",\"breadcrumb\":{\"@id\":\"https:\\\/\\\/hospitalarias.org\\\/en\\\/meeting-of-the-general-commission-for-youth-and-vocation-ministry\\\/#breadcrumb\"},\"inLanguage\":\"en-US\",\"potentialAction\":[{\"@type\":\"ReadAction\",\"target\":[\"https:\\\/\\\/hospitalarias.org\\\/en\\\/meeting-of-the-general-commission-for-youth-and-vocation-ministry\\\/\"]}]},{\"@type\":\"ImageObject\",\"inLanguage\":\"en-US\",\"@id\":\"https:\\\/\\\/hospitalarias.org\\\/en\\\/meeting-of-the-general-commission-for-youth-and-vocation-ministry\\\/#primaryimage\",\"url\":\"\",\"contentUrl\":\"\"},{\"@type\":\"BreadcrumbList\",\"@id\":\"https:\\\/\\\/hospitalarias.org\\\/en\\\/meeting-of-the-general-commission-for-youth-and-vocation-ministry\\\/#breadcrumb\",\"itemListElement\":[{\"@type\":\"ListItem\",\"position\":1,\"name\":\"Inicio\",\"item\":\"https:\\\/\\\/hospitalarias.org\\\/\"},{\"@type\":\"ListItem\",\"position\":2,\"name\":\"Meeting of the General Commission for Youth and Vocation Ministry\"}]},{\"@type\":\"WebSite\",\"@id\":\"https:\\\/\\\/hospitalarias.org\\\/#website\",\"url\":\"https:\\\/\\\/hospitalarias.org\\\/\",\"name\":\"Hermanas Hospitalarias\",\"description\":\"\",\"publisher\":{\"@id\":\"https:\\\/\\\/hospitalarias.org\\\/#organization\"},\"potentialAction\":[{\"@type\":\"SearchAction\",\"target\":{\"@type\":\"EntryPoint\",\"urlTemplate\":\"https:\\\/\\\/hospitalarias.org\\\/?s={search_term_string}\"},\"query-input\":{\"@type\":\"PropertyValueSpecification\",\"valueRequired\":true,\"valueName\":\"search_term_string\"}}],\"inLanguage\":\"en-US\"},{\"@type\":\"Organization\",\"@id\":\"https:\\\/\\\/hospitalarias.org\\\/#organization\",\"name\":\"Hermanas Hospitalarias\",\"url\":\"https:\\\/\\\/hospitalarias.org\\\/\",\"logo\":{\"@type\":\"ImageObject\",\"inLanguage\":\"en-US\",\"@id\":\"https:\\\/\\\/hospitalarias.org\\\/#\\\/schema\\\/logo\\\/image\\\/\",\"url\":\"https:\\\/\\\/hospitalarias.org\\\/wp-content\\\/uploads\\\/2025\\\/06\\\/logo-es-1.svg\",\"contentUrl\":\"https:\\\/\\\/hospitalarias.org\\\/wp-content\\\/uploads\\\/2025\\\/06\\\/logo-es-1.svg\",\"caption\":\"Hermanas Hospitalarias\"},\"image\":{\"@id\":\"https:\\\/\\\/hospitalarias.org\\\/#\\\/schema\\\/logo\\\/image\\\/\"}},{\"@type\":\"Person\",\"@id\":\"https:\\\/\\\/hospitalarias.org\\\/#\\\/schema\\\/person\\\/5e964e7aab6802d5c2da189de44b7365\",\"name\":\"hospitalarias\",\"image\":{\"@type\":\"ImageObject\",\"inLanguage\":\"en-US\",\"@id\":\"https:\\\/\\\/secure.gravatar.com\\\/avatar\\\/333fbff3d623aede971942db698a9ce540a361f30762fe0f1e1315a63f88a856?s=96&d=mm&r=g\",\"url\":\"https:\\\/\\\/secure.gravatar.com\\\/avatar\\\/333fbff3d623aede971942db698a9ce540a361f30762fe0f1e1315a63f88a856?s=96&d=mm&r=g\",\"contentUrl\":\"https:\\\/\\\/secure.gravatar.com\\\/avatar\\\/333fbff3d623aede971942db698a9ce540a361f30762fe0f1e1315a63f88a856?s=96&d=mm&r=g\",\"caption\":\"hospitalarias\"},\"sameAs\":[\"https:\\\/\\\/hospitalarias.org\"],\"url\":\"https:\\\/\\\/hospitalarias.org\\\/en\\\/author\\\/hospitalarias\\\/\"}]}<\/script>\n<!-- \/ Yoast SEO plugin. -->","yoast_head_json":{"title":"Meeting of the General Commission for Youth and Vocation Ministry - Hermanas Hospitalarias","robots":{"index":"index","follow":"follow","max-snippet":"max-snippet:-1","max-image-preview":"max-image-preview:large","max-video-preview":"max-video-preview:-1"},"canonical":"https:\/\/hospitalarias.org\/en\/meeting-of-the-general-commission-for-youth-and-vocation-ministry\/","og_locale":"en_US","og_type":"article","og_title":"Meeting of the General Commission for Youth and Vocation Ministry - Hermanas Hospitalarias","og_description":"From March 2 to 5, 2020, a meeting of the General Commission for Youth and Vocation Ministry was held, made up of the sisters: Margarida Silva, Rosa Mar\u00eda Guti\u00e9rrez, Pegie Belvie Louth, M\u00f3nica Burbano and Blanca Guerrero. Those of us who have met, by video conference, with the aim of studying the current reality of [&hellip;]","og_url":"https:\/\/hospitalarias.org\/en\/meeting-of-the-general-commission-for-youth-and-vocation-ministry\/","og_site_name":"Hermanas Hospitalarias","article_published_time":"2020-03-09T12:00:00+00:00","author":"hospitalarias","twitter_card":"summary_large_image","twitter_misc":{"Written by":"hospitalarias","Est. reading time":"2 minutes"},"schema":{"@context":"https:\/\/schema.org","@graph":[{"@type":"Article","@id":"https:\/\/hospitalarias.org\/en\/meeting-of-the-general-commission-for-youth-and-vocation-ministry\/#article","isPartOf":{"@id":"https:\/\/hospitalarias.org\/en\/meeting-of-the-general-commission-for-youth-and-vocation-ministry\/"},"author":{"name":"hospitalarias","@id":"https:\/\/hospitalarias.org\/#\/schema\/person\/5e964e7aab6802d5c2da189de44b7365"},"headline":"Meeting of the General Commission for Youth and Vocation Ministry","datePublished":"2020-03-09T12:00:00+00:00","mainEntityOfPage":{"@id":"https:\/\/hospitalarias.org\/en\/meeting-of-the-general-commission-for-youth-and-vocation-ministry\/"},"wordCount":391,"commentCount":0,"publisher":{"@id":"https:\/\/hospitalarias.org\/#organization"},"image":{"@id":"https:\/\/hospitalarias.org\/en\/meeting-of-the-general-commission-for-youth-and-vocation-ministry\/#primaryimage"},"thumbnailUrl":"","articleSection":["News"],"inLanguage":"en-US"},{"@type":"WebPage","@id":"https:\/\/hospitalarias.org\/en\/meeting-of-the-general-commission-for-youth-and-vocation-ministry\/","url":"https:\/\/hospitalarias.org\/en\/meeting-of-the-general-commission-for-youth-and-vocation-ministry\/","name":"Meeting of the General Commission for Youth and Vocation Ministry - Hermanas Hospitalarias","isPartOf":{"@id":"https:\/\/hospitalarias.org\/#website"},"primaryImageOfPage":{"@id":"https:\/\/hospitalarias.org\/en\/meeting-of-the-general-commission-for-youth-and-vocation-ministry\/#primaryimage"},"image":{"@id":"https:\/\/hospitalarias.org\/en\/meeting-of-the-general-commission-for-youth-and-vocation-ministry\/#primaryimage"},"thumbnailUrl":"","datePublished":"2020-03-09T12:00:00+00:00","breadcrumb":{"@id":"https:\/\/hospitalarias.org\/en\/meeting-of-the-general-commission-for-youth-and-vocation-ministry\/#breadcrumb"},"inLanguage":"en-US","potentialAction":[{"@type":"ReadAction","target":["https:\/\/hospitalarias.org\/en\/meeting-of-the-general-commission-for-youth-and-vocation-ministry\/"]}]},{"@type":"ImageObject","inLanguage":"en-US","@id":"https:\/\/hospitalarias.org\/en\/meeting-of-the-general-commission-for-youth-and-vocation-ministry\/#primaryimage","url":"","contentUrl":""},{"@type":"BreadcrumbList","@id":"https:\/\/hospitalarias.org\/en\/meeting-of-the-general-commission-for-youth-and-vocation-ministry\/#breadcrumb","itemListElement":[{"@type":"ListItem","position":1,"name":"Inicio","item":"https:\/\/hospitalarias.org\/"},{"@type":"ListItem","position":2,"name":"Meeting of the General Commission for Youth and Vocation Ministry"}]},{"@type":"WebSite","@id":"https:\/\/hospitalarias.org\/#website","url":"https:\/\/hospitalarias.org\/","name":"Hermanas Hospitalarias","description":"","publisher":{"@id":"https:\/\/hospitalarias.org\/#organization"},"potentialAction":[{"@type":"SearchAction","target":{"@type":"EntryPoint","urlTemplate":"https:\/\/hospitalarias.org\/?s={search_term_string}"},"query-input":{"@type":"PropertyValueSpecification","valueRequired":true,"valueName":"search_term_string"}}],"inLanguage":"en-US"},{"@type":"Organization","@id":"https:\/\/hospitalarias.org\/#organization","name":"Hermanas Hospitalarias","url":"https:\/\/hospitalarias.org\/","logo":{"@type":"ImageObject","inLanguage":"en-US","@id":"https:\/\/hospitalarias.org\/#\/schema\/logo\/image\/","url":"https:\/\/hospitalarias.org\/wp-content\/uploads\/2025\/06\/logo-es-1.svg","contentUrl":"https:\/\/hospitalarias.org\/wp-content\/uploads\/2025\/06\/logo-es-1.svg","caption":"Hermanas Hospitalarias"},"image":{"@id":"https:\/\/hospitalarias.org\/#\/schema\/logo\/image\/"}},{"@type":"Person","@id":"https:\/\/hospitalarias.org\/#\/schema\/person\/5e964e7aab6802d5c2da189de44b7365","name":"hospitalarias","image":{"@type":"ImageObject","inLanguage":"en-US","@id":"https:\/\/secure.gravatar.com\/avatar\/333fbff3d623aede971942db698a9ce540a361f30762fe0f1e1315a63f88a856?s=96&d=mm&r=g","url":"https:\/\/secure.gravatar.com\/avatar\/333fbff3d623aede971942db698a9ce540a361f30762fe0f1e1315a63f88a856?s=96&d=mm&r=g","contentUrl":"https:\/\/secure.gravatar.com\/avatar\/333fbff3d623aede971942db698a9ce540a361f30762fe0f1e1315a63f88a856?s=96&d=mm&r=g","caption":"hospitalarias"},"sameAs":["https:\/\/hospitalarias.org"],"url":"https:\/\/hospitalarias.org\/en\/author\/hospitalarias\/"}]}},"_links":{"self":[{"href":"https:\/\/hospitalarias.org\/en\/wp-json\/wp\/v2\/posts\/50851","targetHints":{"allow":["GET"]}}],"collection":[{"href":"https:\/\/hospitalarias.org\/en\/wp-json\/wp\/v2\/posts"}],"about":[{"href":"https:\/\/hospitalarias.org\/en\/wp-json\/wp\/v2\/types\/post"}],"author":[{"embeddable":true,"href":"https:\/\/hospitalarias.org\/en\/wp-json\/wp\/v2\/users\/1"}],"replies":[{"embeddable":true,"href":"https:\/\/hospitalarias.org\/en\/wp-json\/wp\/v2\/comments?post=50851"}],"version-history":[{"count":0,"href":"https:\/\/hospitalarias.org\/en\/wp-json\/wp\/v2\/posts\/50851\/revisions"}],"wp:featuredmedia":[{"embeddable":true,"href":"https:\/\/hospitalarias.org\/en\/wp-json\/"}],"wp:attachment":[{"href":"https:\/\/hospitalarias.org\/en\/wp-json\/wp\/v2\/media?parent=50851"}],"wp:term":[{"taxonomy":"category","embeddable":true,"href":"https:\/\/hospitalarias.org\/en\/wp-json\/wp\/v2\/categories?post=50851"},{"taxonomy":"post_tag","embeddable":true,"href":"https:\/\/hospitalarias.org\/en\/wp-json\/wp\/v2\/tags?post=50851"}],"curies":[{"name":"wp","href":"https:\/\/api.w.org\/{rel}","templated":true}]}}