{"id":3253,"date":"2014-11-24T15:48:06","date_gmt":"2014-11-24T14:48:06","guid":{"rendered":"https:\/\/www.hospitalarias.org\/en\/?p=3253"},"modified":"2014-11-24T15:48:06","modified_gmt":"2014-11-24T14:48:06","slug":"sisters-hospitallers-joins-the-fight-against-the-ebola-2","status":"publish","type":"post","link":"https:\/\/hospitalarias.org\/en\/sisters-hospitallers-joins-the-fight-against-the-ebola-2\/","title":{"rendered":"Sisters Hospitallers joins the fight against the Ebola"},"content":{"rendered":"<p>I write you this short message to inform you that in early December, <em>we will be returning to Liberia. <\/em>Anabela Carneiro, Superior General.<\/p>\n<p><!--more--><\/p>\n<p style=\"text-align: justify;\">Dearest Sisters,<\/p>\n<p style=\"text-align: justify;\">Against the background of this picture of Patrick, a Liberian child who has defeated the Ebola virus, I write you this short message to inform you that in early December, <strong><em>we will be returning to Liberia.<\/em><\/strong><\/p>\n<p style=\"text-align: justify;\">It is with great pain that we have been following the situation of our brothers and sisters in West Africa and have mourned those who have fallen and continue to be killed by the Ebola virus. In a very special way, we have been by the side of our Brothers of Saint John of God, who have lost four of their brothers in Liberia and Sierra Leone. We have been deeply affected by the death of many men and women who have contracted this disease while helping to take care of those already contaminated by the virus and collecting bodies in homes, villages or in the streets.<\/p>\n<p style=\"text-align: justify;\">The outbreak of this lethal disease was exacerbated by the poverty and desperation of these villages, where people do not have access to adequate living conditions, sanitation, health care, work or education. This context of poverty did not help the fight against the disease, but actually led to its expansion. This in turn induced the World Health Organization (WHO) to declare <strong><em>\u201ca public health emergency\u201d<\/em><\/strong> in the month of August<strong><em>,<\/em><\/strong> and to ask the international community to take action to fight against the Ebola epidemic in the affected countries.<\/p>\n<p style=\"text-align: justify;\">The hospitaller community too, has been mobilized, and we have been able to send to Liberia protective gear, medicines and disinfectants. I would like to take this opportunity to thank all those who have contributed to the campaign which we launched to help fight against this pandemic.<\/p>\n<p style=\"text-align: justify;\">With great suffering, our sisters left the country and travelled to Ghana, to regain their strength and recover from the psychological distress caused by the whole situation. But the wish to go back and help this ravaged country remained deep in our heart and challenged us to take the necessary steps to make it happen.<\/p>\n<p style=\"text-align: justify;\">Sister Mar\u00eda Bego\u00f1a P\u00e9rez, Provincial Superior of England, has recently informed us that Sister Encarnaci\u00f3n Gonz\u00e1lez and Dr. Mikel Tellaeche, director and manager of the \u201cAita \u2013 Menni\u201d Hospital (Mondrag\u00f3n) and knowledgeable about the country\u2019s social and health conditions, will be travelling to Monrovia, Liberia, on 5 December. On 7 December, they will be joined by Sisters Joana Agbotse and Colette &nbsp;Banka, who will be coming from Ghana.<\/p>\n<p style=\"text-align: justify;\"><a href=\"https:\/\/www.hospitalarias.org\/en\/wp-content\/uploads\/MENSAJE-English.pdf\">Read more<\/a><\/p>\n","protected":false},"excerpt":{"rendered":"<p>I write you this short message to inform you that in early December, we will be returning to Liberia. Anabela Carneiro, Superior General.<\/p>\n","protected":false},"author":1,"featured_media":49860,"comment_status":"closed","ping_status":"closed","sticky":false,"template":"","format":"standard","meta":{"_acf_changed":false,"footnotes":""},"categories":[588],"tags":[],"class_list":["post-3253","post","type-post","status-publish","format-standard","has-post-thumbnail","hentry","category-cat-news"],"acf":[],"yoast_head":"<!-- This site is optimized with the Yoast SEO plugin v27.4 - https:\/\/yoast.com\/product\/yoast-seo-wordpress\/ -->\n<title>Sisters Hospitallers joins the fight against the Ebola - Hermanas Hospitalarias<\/title>\n<meta name=\"robots\" content=\"index, follow, max-snippet:-1, max-image-preview:large, max-video-preview:-1\" \/>\n<link rel=\"canonical\" href=\"https:\/\/hospitalarias.org\/en\/sisters-hospitallers-joins-the-fight-against-the-ebola-2\/\" \/>\n<meta property=\"og:locale\" content=\"en_US\" \/>\n<meta property=\"og:type\" content=\"article\" \/>\n<meta property=\"og:title\" content=\"Sisters Hospitallers joins the fight against the Ebola - Hermanas Hospitalarias\" \/>\n<meta property=\"og:description\" content=\"I write you this short message to inform you that in early December, we will be returning to Liberia. Anabela Carneiro, Superior General.\" \/>\n<meta property=\"og:url\" content=\"https:\/\/hospitalarias.org\/en\/sisters-hospitallers-joins-the-fight-against-the-ebola-2\/\" \/>\n<meta property=\"og:site_name\" content=\"Hermanas Hospitalarias\" \/>\n<meta property=\"article:published_time\" content=\"2014-11-24T14:48:06+00:00\" \/>\n<meta name=\"author\" content=\"hospitalarias\" \/>\n<meta name=\"twitter:card\" content=\"summary_large_image\" \/>\n<meta name=\"twitter:label1\" content=\"Written by\" \/>\n\t<meta name=\"twitter:data1\" content=\"hospitalarias\" \/>\n\t<meta name=\"twitter:label2\" content=\"Est. reading time\" \/>\n\t<meta name=\"twitter:data2\" content=\"2 minutes\" \/>\n<script type=\"application\/ld+json\" class=\"yoast-schema-graph\">{\"@context\":\"https:\\\/\\\/schema.org\",\"@graph\":[{\"@type\":\"Article\",\"@id\":\"https:\\\/\\\/hospitalarias.org\\\/en\\\/sisters-hospitallers-joins-the-fight-against-the-ebola-2\\\/#article\",\"isPartOf\":{\"@id\":\"https:\\\/\\\/hospitalarias.org\\\/en\\\/sisters-hospitallers-joins-the-fight-against-the-ebola-2\\\/\"},\"author\":{\"name\":\"hospitalarias\",\"@id\":\"https:\\\/\\\/hospitalarias.org\\\/#\\\/schema\\\/person\\\/5e964e7aab6802d5c2da189de44b7365\"},\"headline\":\"Sisters Hospitallers joins the fight against the Ebola\",\"datePublished\":\"2014-11-24T14:48:06+00:00\",\"mainEntityOfPage\":{\"@id\":\"https:\\\/\\\/hospitalarias.org\\\/en\\\/sisters-hospitallers-joins-the-fight-against-the-ebola-2\\\/\"},\"wordCount\":442,\"publisher\":{\"@id\":\"https:\\\/\\\/hospitalarias.org\\\/#organization\"},\"image\":{\"@id\":\"https:\\\/\\\/hospitalarias.org\\\/en\\\/sisters-hospitallers-joins-the-fight-against-the-ebola-2\\\/#primaryimage\"},\"thumbnailUrl\":\"\",\"articleSection\":[\"News\"],\"inLanguage\":\"en-US\"},{\"@type\":\"WebPage\",\"@id\":\"https:\\\/\\\/hospitalarias.org\\\/en\\\/sisters-hospitallers-joins-the-fight-against-the-ebola-2\\\/\",\"url\":\"https:\\\/\\\/hospitalarias.org\\\/en\\\/sisters-hospitallers-joins-the-fight-against-the-ebola-2\\\/\",\"name\":\"Sisters Hospitallers joins the fight against the Ebola - Hermanas Hospitalarias\",\"isPartOf\":{\"@id\":\"https:\\\/\\\/hospitalarias.org\\\/#website\"},\"primaryImageOfPage\":{\"@id\":\"https:\\\/\\\/hospitalarias.org\\\/en\\\/sisters-hospitallers-joins-the-fight-against-the-ebola-2\\\/#primaryimage\"},\"image\":{\"@id\":\"https:\\\/\\\/hospitalarias.org\\\/en\\\/sisters-hospitallers-joins-the-fight-against-the-ebola-2\\\/#primaryimage\"},\"thumbnailUrl\":\"\",\"datePublished\":\"2014-11-24T14:48:06+00:00\",\"breadcrumb\":{\"@id\":\"https:\\\/\\\/hospitalarias.org\\\/en\\\/sisters-hospitallers-joins-the-fight-against-the-ebola-2\\\/#breadcrumb\"},\"inLanguage\":\"en-US\",\"potentialAction\":[{\"@type\":\"ReadAction\",\"target\":[\"https:\\\/\\\/hospitalarias.org\\\/en\\\/sisters-hospitallers-joins-the-fight-against-the-ebola-2\\\/\"]}]},{\"@type\":\"ImageObject\",\"inLanguage\":\"en-US\",\"@id\":\"https:\\\/\\\/hospitalarias.org\\\/en\\\/sisters-hospitallers-joins-the-fight-against-the-ebola-2\\\/#primaryimage\",\"url\":\"\",\"contentUrl\":\"\"},{\"@type\":\"BreadcrumbList\",\"@id\":\"https:\\\/\\\/hospitalarias.org\\\/en\\\/sisters-hospitallers-joins-the-fight-against-the-ebola-2\\\/#breadcrumb\",\"itemListElement\":[{\"@type\":\"ListItem\",\"position\":1,\"name\":\"Inicio\",\"item\":\"https:\\\/\\\/hospitalarias.org\\\/\"},{\"@type\":\"ListItem\",\"position\":2,\"name\":\"Sisters Hospitallers joins the fight against the Ebola\"}]},{\"@type\":\"WebSite\",\"@id\":\"https:\\\/\\\/hospitalarias.org\\\/#website\",\"url\":\"https:\\\/\\\/hospitalarias.org\\\/\",\"name\":\"Hermanas Hospitalarias\",\"description\":\"\",\"publisher\":{\"@id\":\"https:\\\/\\\/hospitalarias.org\\\/#organization\"},\"potentialAction\":[{\"@type\":\"SearchAction\",\"target\":{\"@type\":\"EntryPoint\",\"urlTemplate\":\"https:\\\/\\\/hospitalarias.org\\\/?s={search_term_string}\"},\"query-input\":{\"@type\":\"PropertyValueSpecification\",\"valueRequired\":true,\"valueName\":\"search_term_string\"}}],\"inLanguage\":\"en-US\"},{\"@type\":\"Organization\",\"@id\":\"https:\\\/\\\/hospitalarias.org\\\/#organization\",\"name\":\"Hermanas Hospitalarias\",\"url\":\"https:\\\/\\\/hospitalarias.org\\\/\",\"logo\":{\"@type\":\"ImageObject\",\"inLanguage\":\"en-US\",\"@id\":\"https:\\\/\\\/hospitalarias.org\\\/#\\\/schema\\\/logo\\\/image\\\/\",\"url\":\"https:\\\/\\\/hospitalarias.org\\\/wp-content\\\/uploads\\\/2025\\\/06\\\/logo-es-1.svg\",\"contentUrl\":\"https:\\\/\\\/hospitalarias.org\\\/wp-content\\\/uploads\\\/2025\\\/06\\\/logo-es-1.svg\",\"caption\":\"Hermanas Hospitalarias\"},\"image\":{\"@id\":\"https:\\\/\\\/hospitalarias.org\\\/#\\\/schema\\\/logo\\\/image\\\/\"}},{\"@type\":\"Person\",\"@id\":\"https:\\\/\\\/hospitalarias.org\\\/#\\\/schema\\\/person\\\/5e964e7aab6802d5c2da189de44b7365\",\"name\":\"hospitalarias\",\"image\":{\"@type\":\"ImageObject\",\"inLanguage\":\"en-US\",\"@id\":\"https:\\\/\\\/secure.gravatar.com\\\/avatar\\\/333fbff3d623aede971942db698a9ce540a361f30762fe0f1e1315a63f88a856?s=96&d=mm&r=g\",\"url\":\"https:\\\/\\\/secure.gravatar.com\\\/avatar\\\/333fbff3d623aede971942db698a9ce540a361f30762fe0f1e1315a63f88a856?s=96&d=mm&r=g\",\"contentUrl\":\"https:\\\/\\\/secure.gravatar.com\\\/avatar\\\/333fbff3d623aede971942db698a9ce540a361f30762fe0f1e1315a63f88a856?s=96&d=mm&r=g\",\"caption\":\"hospitalarias\"},\"sameAs\":[\"https:\\\/\\\/hospitalarias.org\"],\"url\":\"https:\\\/\\\/hospitalarias.org\\\/en\\\/author\\\/hospitalarias\\\/\"}]}<\/script>\n<!-- \/ Yoast SEO plugin. -->","yoast_head_json":{"title":"Sisters Hospitallers joins the fight against the Ebola - Hermanas Hospitalarias","robots":{"index":"index","follow":"follow","max-snippet":"max-snippet:-1","max-image-preview":"max-image-preview:large","max-video-preview":"max-video-preview:-1"},"canonical":"https:\/\/hospitalarias.org\/en\/sisters-hospitallers-joins-the-fight-against-the-ebola-2\/","og_locale":"en_US","og_type":"article","og_title":"Sisters Hospitallers joins the fight against the Ebola - Hermanas Hospitalarias","og_description":"I write you this short message to inform you that in early December, we will be returning to Liberia. Anabela Carneiro, Superior General.","og_url":"https:\/\/hospitalarias.org\/en\/sisters-hospitallers-joins-the-fight-against-the-ebola-2\/","og_site_name":"Hermanas Hospitalarias","article_published_time":"2014-11-24T14:48:06+00:00","author":"hospitalarias","twitter_card":"summary_large_image","twitter_misc":{"Written by":"hospitalarias","Est. reading time":"2 minutes"},"schema":{"@context":"https:\/\/schema.org","@graph":[{"@type":"Article","@id":"https:\/\/hospitalarias.org\/en\/sisters-hospitallers-joins-the-fight-against-the-ebola-2\/#article","isPartOf":{"@id":"https:\/\/hospitalarias.org\/en\/sisters-hospitallers-joins-the-fight-against-the-ebola-2\/"},"author":{"name":"hospitalarias","@id":"https:\/\/hospitalarias.org\/#\/schema\/person\/5e964e7aab6802d5c2da189de44b7365"},"headline":"Sisters Hospitallers joins the fight against the Ebola","datePublished":"2014-11-24T14:48:06+00:00","mainEntityOfPage":{"@id":"https:\/\/hospitalarias.org\/en\/sisters-hospitallers-joins-the-fight-against-the-ebola-2\/"},"wordCount":442,"publisher":{"@id":"https:\/\/hospitalarias.org\/#organization"},"image":{"@id":"https:\/\/hospitalarias.org\/en\/sisters-hospitallers-joins-the-fight-against-the-ebola-2\/#primaryimage"},"thumbnailUrl":"","articleSection":["News"],"inLanguage":"en-US"},{"@type":"WebPage","@id":"https:\/\/hospitalarias.org\/en\/sisters-hospitallers-joins-the-fight-against-the-ebola-2\/","url":"https:\/\/hospitalarias.org\/en\/sisters-hospitallers-joins-the-fight-against-the-ebola-2\/","name":"Sisters Hospitallers joins the fight against the Ebola - Hermanas Hospitalarias","isPartOf":{"@id":"https:\/\/hospitalarias.org\/#website"},"primaryImageOfPage":{"@id":"https:\/\/hospitalarias.org\/en\/sisters-hospitallers-joins-the-fight-against-the-ebola-2\/#primaryimage"},"image":{"@id":"https:\/\/hospitalarias.org\/en\/sisters-hospitallers-joins-the-fight-against-the-ebola-2\/#primaryimage"},"thumbnailUrl":"","datePublished":"2014-11-24T14:48:06+00:00","breadcrumb":{"@id":"https:\/\/hospitalarias.org\/en\/sisters-hospitallers-joins-the-fight-against-the-ebola-2\/#breadcrumb"},"inLanguage":"en-US","potentialAction":[{"@type":"ReadAction","target":["https:\/\/hospitalarias.org\/en\/sisters-hospitallers-joins-the-fight-against-the-ebola-2\/"]}]},{"@type":"ImageObject","inLanguage":"en-US","@id":"https:\/\/hospitalarias.org\/en\/sisters-hospitallers-joins-the-fight-against-the-ebola-2\/#primaryimage","url":"","contentUrl":""},{"@type":"BreadcrumbList","@id":"https:\/\/hospitalarias.org\/en\/sisters-hospitallers-joins-the-fight-against-the-ebola-2\/#breadcrumb","itemListElement":[{"@type":"ListItem","position":1,"name":"Inicio","item":"https:\/\/hospitalarias.org\/"},{"@type":"ListItem","position":2,"name":"Sisters Hospitallers joins the fight against the Ebola"}]},{"@type":"WebSite","@id":"https:\/\/hospitalarias.org\/#website","url":"https:\/\/hospitalarias.org\/","name":"Hermanas Hospitalarias","description":"","publisher":{"@id":"https:\/\/hospitalarias.org\/#organization"},"potentialAction":[{"@type":"SearchAction","target":{"@type":"EntryPoint","urlTemplate":"https:\/\/hospitalarias.org\/?s={search_term_string}"},"query-input":{"@type":"PropertyValueSpecification","valueRequired":true,"valueName":"search_term_string"}}],"inLanguage":"en-US"},{"@type":"Organization","@id":"https:\/\/hospitalarias.org\/#organization","name":"Hermanas Hospitalarias","url":"https:\/\/hospitalarias.org\/","logo":{"@type":"ImageObject","inLanguage":"en-US","@id":"https:\/\/hospitalarias.org\/#\/schema\/logo\/image\/","url":"https:\/\/hospitalarias.org\/wp-content\/uploads\/2025\/06\/logo-es-1.svg","contentUrl":"https:\/\/hospitalarias.org\/wp-content\/uploads\/2025\/06\/logo-es-1.svg","caption":"Hermanas Hospitalarias"},"image":{"@id":"https:\/\/hospitalarias.org\/#\/schema\/logo\/image\/"}},{"@type":"Person","@id":"https:\/\/hospitalarias.org\/#\/schema\/person\/5e964e7aab6802d5c2da189de44b7365","name":"hospitalarias","image":{"@type":"ImageObject","inLanguage":"en-US","@id":"https:\/\/secure.gravatar.com\/avatar\/333fbff3d623aede971942db698a9ce540a361f30762fe0f1e1315a63f88a856?s=96&d=mm&r=g","url":"https:\/\/secure.gravatar.com\/avatar\/333fbff3d623aede971942db698a9ce540a361f30762fe0f1e1315a63f88a856?s=96&d=mm&r=g","contentUrl":"https:\/\/secure.gravatar.com\/avatar\/333fbff3d623aede971942db698a9ce540a361f30762fe0f1e1315a63f88a856?s=96&d=mm&r=g","caption":"hospitalarias"},"sameAs":["https:\/\/hospitalarias.org"],"url":"https:\/\/hospitalarias.org\/en\/author\/hospitalarias\/"}]}},"_links":{"self":[{"href":"https:\/\/hospitalarias.org\/en\/wp-json\/wp\/v2\/posts\/3253","targetHints":{"allow":["GET"]}}],"collection":[{"href":"https:\/\/hospitalarias.org\/en\/wp-json\/wp\/v2\/posts"}],"about":[{"href":"https:\/\/hospitalarias.org\/en\/wp-json\/wp\/v2\/types\/post"}],"author":[{"embeddable":true,"href":"https:\/\/hospitalarias.org\/en\/wp-json\/wp\/v2\/users\/1"}],"replies":[{"embeddable":true,"href":"https:\/\/hospitalarias.org\/en\/wp-json\/wp\/v2\/comments?post=3253"}],"version-history":[{"count":0,"href":"https:\/\/hospitalarias.org\/en\/wp-json\/wp\/v2\/posts\/3253\/revisions"}],"wp:featuredmedia":[{"embeddable":true,"href":"https:\/\/hospitalarias.org\/en\/wp-json\/"}],"wp:attachment":[{"href":"https:\/\/hospitalarias.org\/en\/wp-json\/wp\/v2\/media?parent=3253"}],"wp:term":[{"taxonomy":"category","embeddable":true,"href":"https:\/\/hospitalarias.org\/en\/wp-json\/wp\/v2\/categories?post=3253"},{"taxonomy":"post_tag","embeddable":true,"href":"https:\/\/hospitalarias.org\/en\/wp-json\/wp\/v2\/tags?post=3253"}],"curies":[{"name":"wp","href":"https:\/\/api.w.org\/{rel}","templated":true}]}}